{"id":35676,"date":"2026-04-02T16:16:16","date_gmt":"2026-04-02T19:16:16","guid":{"rendered":"https:\/\/tacuarembo.gub.uy\/?p=35676"},"modified":"2026-04-02T16:18:01","modified_gmt":"2026-04-02T19:18:01","slug":"dia-mundial-de-concientizacion-del-autismo","status":"publish","type":"post","link":"https:\/\/tacuarembo.gub.uy\/?p=35676","title":{"rendered":"D\u00eda Mundial de Concientizaci\u00f3n del Autismo"},"content":{"rendered":"\n<p>En el marco del D\u00eda Mundial de Concienciaci\u00f3n sobre el Autismo, la Comisi\u00f3n Interdepartamental de Personas con Discapacidad (Cipedi) del Congreso de Intendentes que integra la Intendencia de Tacuaremb\u00f3, reafirm\u00f3 su compromiso con la construcci\u00f3n de una sociedad m\u00e1s inclusiva bajo la premisa de que toda vida tiene valor. A trav\u00e9s de una declaraci\u00f3n p\u00fablica, el organismo destac\u00f3 la necesidad fundamental de reconocer la dignidad y la importancia de las personas autistas como integrantes esenciales de la comunidad. Las autoridades celebraron los avances que la mayor\u00eda de las intendencias departamentales vienen realizando en materia de accesibilidad, particularmente mediante la implementaci\u00f3n de pictogramas inclusivos en espacios p\u00fablicos, una medida que favorece significativamente la autonom\u00eda de las personas dentro del espectro autista. El documento tambi\u00e9n hizo hincapi\u00e9 en la promoci\u00f3n del turismo social inclusivo como una herramienta clave para garantizar el derecho al disfrute y la participaci\u00f3n plena de todos los ciudadanos. Seg\u00fan lo expresado por la Cipedi, y por nuestro director Daniel Ignacio, la verdadera inclusi\u00f3n requiere de acciones concretas que trasciendan los discursos y se materialicen en mejoras tangibles para la calidad de vida de las personas con discapacidad. En consonancia con estas acciones concretas a nivel nacional, el pr\u00f3ximo lunes 6 se llevar\u00e1 a cabo la inauguraci\u00f3n de la nueva sede de la Asociaci\u00f3n de Trastorno del Espectro Autista (ATATEA). Este nuevo espacio logrado con el esfuerzo de su directiva y los apoyos institucionales correspondientes, representar\u00e1 un avance significativo para brindar mayor contenci\u00f3n, apoyo y recursos tanto a las personas con autismo como a sus familias, sumando esfuerzos a la tarea colectiva de derribar barreras sociales y promover una convivencia verdaderamente integradora.<\/p>\n\n\n\n<figure class=\"wp-block-image size-large\"><img loading=\"lazy\" decoding=\"async\" width=\"747\" height=\"420\" src=\"https:\/\/tacuarembo.gub.uy\/wp-content\/uploads\/IMG-20260402-WA0003-747x420.jpg\" alt=\"\" class=\"wp-image-35678\" srcset=\"https:\/\/tacuarembo.gub.uy\/wp-content\/uploads\/IMG-20260402-WA0003-747x420.jpg 747w, https:\/\/tacuarembo.gub.uy\/wp-content\/uploads\/IMG-20260402-WA0003-320x180.jpg 320w, https:\/\/tacuarembo.gub.uy\/wp-content\/uploads\/IMG-20260402-WA0003-768x432.jpg 768w, https:\/\/tacuarembo.gub.uy\/wp-content\/uploads\/IMG-20260402-WA0003-1536x864.jpg 1536w, https:\/\/tacuarembo.gub.uy\/wp-content\/uploads\/IMG-20260402-WA0003.jpg 1920w\" sizes=\"auto, (max-width: 747px) 100vw, 747px\" \/><\/figure>\n","protected":false},"excerpt":{"rendered":"<p>En el marco del D\u00eda Mundial de Concienciaci\u00f3n sobre el Autismo, la Comisi\u00f3n Interdepartamental de Personas con Discapacidad (Cipedi) del Congreso de Intendentes que integra la Intendencia de Tacuaremb\u00f3<\/p>\n","protected":false},"author":3,"featured_media":35678,"comment_status":"closed","ping_status":"closed","sticky":false,"template":"","format":"standard","meta":{"_eb_attr":"","footnotes":""},"categories":[16],"tags":[],"class_list":{"0":"post-35676","1":"post","2":"type-post","3":"status-publish","4":"format-standard","5":"has-post-thumbnail","7":"category-noticias"},"_links":{"self":[{"href":"https:\/\/tacuarembo.gub.uy\/index.php?rest_route=\/wp\/v2\/posts\/35676","targetHints":{"allow":["GET"]}}],"collection":[{"href":"https:\/\/tacuarembo.gub.uy\/index.php?rest_route=\/wp\/v2\/posts"}],"about":[{"href":"https:\/\/tacuarembo.gub.uy\/index.php?rest_route=\/wp\/v2\/types\/post"}],"author":[{"embeddable":true,"href":"https:\/\/tacuarembo.gub.uy\/index.php?rest_route=\/wp\/v2\/users\/3"}],"replies":[{"embeddable":true,"href":"https:\/\/tacuarembo.gub.uy\/index.php?rest_route=%2Fwp%2Fv2%2Fcomments&post=35676"}],"version-history":[{"count":2,"href":"https:\/\/tacuarembo.gub.uy\/index.php?rest_route=\/wp\/v2\/posts\/35676\/revisions"}],"predecessor-version":[{"id":35680,"href":"https:\/\/tacuarembo.gub.uy\/index.php?rest_route=\/wp\/v2\/posts\/35676\/revisions\/35680"}],"wp:featuredmedia":[{"embeddable":true,"href":"https:\/\/tacuarembo.gub.uy\/index.php?rest_route=\/wp\/v2\/media\/35678"}],"wp:attachment":[{"href":"https:\/\/tacuarembo.gub.uy\/index.php?rest_route=%2Fwp%2Fv2%2Fmedia&parent=35676"}],"wp:term":[{"taxonomy":"category","embeddable":true,"href":"https:\/\/tacuarembo.gub.uy\/index.php?rest_route=%2Fwp%2Fv2%2Fcategories&post=35676"},{"taxonomy":"post_tag","embeddable":true,"href":"https:\/\/tacuarembo.gub.uy\/index.php?rest_route=%2Fwp%2Fv2%2Ftags&post=35676"}],"curies":[{"name":"wp","href":"https:\/\/api.w.org\/{rel}","templated":true}]}}