{"id":35628,"date":"2026-03-24T18:22:16","date_gmt":"2026-03-24T21:22:16","guid":{"rendered":"https:\/\/tacuarembo.gub.uy\/?p=35628"},"modified":"2026-03-24T18:22:19","modified_gmt":"2026-03-24T21:22:19","slug":"abril-mes-aniversario-del-teatro-escayola","status":"publish","type":"post","link":"https:\/\/tacuarembo.gub.uy\/?p=35628","title":{"rendered":"Abril mes aniversario del Teatro Escayola"},"content":{"rendered":"\n<p><\/p>\n\n\n\n<p>La programaci\u00f3n comienza el 10 de abril con la presentaci\u00f3n del disco \u00abEl Viaje\u00bb de Carl\u00edn Levratto, quien se acompa\u00f1ar\u00e1 de invitados especiales. <\/p>\n\n\n\n<p>El evento, programado para las 20:00 horas, representa una oportunidad para conocer el trabajo fonogr\u00e1fico del m\u00fasico en un contexto de interacci\u00f3n directa con la audiencia. <\/p>\n\n\n\n<p>Las entradas est\u00e1n disponibles a trav\u00e9s de Tickantel y la boleter\u00eda del teatro. Un d\u00eda despu\u00e9s, el 11 de abril, se presenta la segunda temporada de \u00abEl Hombre Inesperado\u00bb, adaptaci\u00f3n de la obra de Yasmina Reza con traducci\u00f3n de Gonzalo Garc\u00e9s. <\/p>\n\n\n\n<figure class=\"wp-block-image size-large\"><img loading=\"lazy\" decoding=\"async\" width=\"747\" height=\"420\" src=\"https:\/\/tacuarembo.gub.uy\/wp-content\/uploads\/IMG-20260324-WA0019-747x420.jpg\" alt=\"\" class=\"wp-image-35629\" srcset=\"https:\/\/tacuarembo.gub.uy\/wp-content\/uploads\/IMG-20260324-WA0019-747x420.jpg 747w, https:\/\/tacuarembo.gub.uy\/wp-content\/uploads\/IMG-20260324-WA0019-320x180.jpg 320w, https:\/\/tacuarembo.gub.uy\/wp-content\/uploads\/IMG-20260324-WA0019-768x432.jpg 768w, https:\/\/tacuarembo.gub.uy\/wp-content\/uploads\/IMG-20260324-WA0019-1536x864.jpg 1536w, https:\/\/tacuarembo.gub.uy\/wp-content\/uploads\/IMG-20260324-WA0019.jpg 1920w\" sizes=\"auto, (max-width: 747px) 100vw, 747px\" \/><\/figure>\n\n\n\n<p>La puesta en escena, bajo la direcci\u00f3n de In\u00e9s Estevez y Germ\u00e1n Palacios, cuenta con ambos directores en el elenco. La obra, que ya ha demostrado su capacidad de convocatoria, vuelve a los escenarios del Centro Cultural Escayola de Tacuaremb\u00f3 con renovado inter\u00e9s. La programaci\u00f3n destacada del mes incluye el espect\u00e1culo \u00abPyP\u00bb (Petru y Pablo), una propuesta de humor protagonizada por Petru Valensky y Pablo Atkinson. <\/p>\n\n\n\n<p>Programado para el 17 de abril a las 21:00 horas, el show representa la apuesta del teatro por la comedia como g\u00e9nero de entretenimiento de calidad. La disponibilidad de entradas a trav\u00e9s de m\u00faltiples canales de venta, incluyendo la plataforma Tickantel y la boleter\u00eda presencial, facilita el acceso del p\u00fablico a estos eventos. <\/p>\n\n\n\n<p>El Centro Cultural Escayola de la Intendencia Departamental de Tacuaremb\u00f3, contin\u00faa desarrollando su misi\u00f3n de acercar propuestas art\u00edsticas de relevancia regional. La programaci\u00f3n de abril refleja la diversidad de g\u00e9neros y formatos que caracterizan la oferta cultural del teatro, consolidando su rol como espacio de encuentro y expresi\u00f3n art\u00edstica en la comunidad. Esto es solo el comienzo de un mes intenso.<\/p>\n","protected":false},"excerpt":{"rendered":"<p>La programaci\u00f3n comienza el 10 de abril con la presentaci\u00f3n del disco \u00abEl Viaje\u00bb de Carl\u00edn Levratto, quien se acompa\u00f1ar\u00e1 de invitados especiales<\/p>\n","protected":false},"author":3,"featured_media":35629,"comment_status":"closed","ping_status":"closed","sticky":false,"template":"","format":"standard","meta":{"_eb_attr":"","footnotes":""},"categories":[16],"tags":[],"class_list":{"0":"post-35628","1":"post","2":"type-post","3":"status-publish","4":"format-standard","5":"has-post-thumbnail","7":"category-noticias"},"_links":{"self":[{"href":"https:\/\/tacuarembo.gub.uy\/index.php?rest_route=\/wp\/v2\/posts\/35628","targetHints":{"allow":["GET"]}}],"collection":[{"href":"https:\/\/tacuarembo.gub.uy\/index.php?rest_route=\/wp\/v2\/posts"}],"about":[{"href":"https:\/\/tacuarembo.gub.uy\/index.php?rest_route=\/wp\/v2\/types\/post"}],"author":[{"embeddable":true,"href":"https:\/\/tacuarembo.gub.uy\/index.php?rest_route=\/wp\/v2\/users\/3"}],"replies":[{"embeddable":true,"href":"https:\/\/tacuarembo.gub.uy\/index.php?rest_route=%2Fwp%2Fv2%2Fcomments&post=35628"}],"version-history":[{"count":1,"href":"https:\/\/tacuarembo.gub.uy\/index.php?rest_route=\/wp\/v2\/posts\/35628\/revisions"}],"predecessor-version":[{"id":35630,"href":"https:\/\/tacuarembo.gub.uy\/index.php?rest_route=\/wp\/v2\/posts\/35628\/revisions\/35630"}],"wp:featuredmedia":[{"embeddable":true,"href":"https:\/\/tacuarembo.gub.uy\/index.php?rest_route=\/wp\/v2\/media\/35629"}],"wp:attachment":[{"href":"https:\/\/tacuarembo.gub.uy\/index.php?rest_route=%2Fwp%2Fv2%2Fmedia&parent=35628"}],"wp:term":[{"taxonomy":"category","embeddable":true,"href":"https:\/\/tacuarembo.gub.uy\/index.php?rest_route=%2Fwp%2Fv2%2Fcategories&post=35628"},{"taxonomy":"post_tag","embeddable":true,"href":"https:\/\/tacuarembo.gub.uy\/index.php?rest_route=%2Fwp%2Fv2%2Ftags&post=35628"}],"curies":[{"name":"wp","href":"https:\/\/api.w.org\/{rel}","templated":true}]}}