{"id":35533,"date":"2026-03-13T15:53:16","date_gmt":"2026-03-13T18:53:16","guid":{"rendered":"https:\/\/tacuarembo.gub.uy\/?p=35533"},"modified":"2026-03-13T15:53:19","modified_gmt":"2026-03-13T18:53:19","slug":"rodrigo-tapari-emociono-en-la-patria-gaucha-con-un-homenaje-al-folklore","status":"publish","type":"post","link":"https:\/\/tacuarembo.gub.uy\/?p=35533","title":{"rendered":"Rodrigo Tapari emocion\u00f3 en la Patria Gaucha con un homenaje al folklore."},"content":{"rendered":"\n<p>El reconocido artista argentino Rodrigo Tapari brind\u00f3 un espect\u00e1culo inolvidable en el escenario de la Patria Gaucha, uno de las fiestas folkl\u00f3ricas m\u00e1s importantes de Uruguay. Ante miles de personas, el cantante no solo repas\u00f3 sus grandes \u00e9xitos, sino que tambi\u00e9n sorprendi\u00f3 y emocion\u00f3 al p\u00fablico con un sentido homenaje a la m\u00fasica tradicionalista. <\/p>\n\n\n\n<p>Tapari abri\u00f3 su presentaci\u00f3n con una en\u00e9rgica coreograf\u00eda de malambo, seguida de una emotiva interpretaci\u00f3n de \u00abZamba para Olvidar\u00bb. Esta elecci\u00f3n, seg\u00fan explic\u00f3 el propio artista en una conferencia de prensa posterior, fue una manera de agradecer la invitaci\u00f3n y mostrar su respeto por un evento de tama\u00f1a envergadura. \u00abEntiendo que es una forma de tambi\u00e9n dar gracias de que nos den la posibilidad de estar ac\u00e1\u00bb, expres\u00f3. <\/p>\n\n\n\n<p>El cantante confes\u00f3 haber sentido nervios antes de subir al escenario, consciente de que se presentaba ante un p\u00fablico mayoritariamente folkl\u00f3rico. Sin embargo, la c\u00e1lida recepci\u00f3n de los asistentes disip\u00f3 r\u00e1pidamente sus temores. \u00abHe vivido algo impresionante desde principio a fin. La gente coreando las canciones, aceptando que arranquemos de la manera que empezamos y despu\u00e9s disfrutando el show de punta a punta\u00bb, coment\u00f3 visiblemente emocionado. Uno de los momentos m\u00e1s especiales de la noche fue la participaci\u00f3n de su amigo Mart\u00edn Pi\u00f1a, con quien interpret\u00f3 la canci\u00f3n \u00abRoto\u00bb. <\/p>\n\n\n\n<figure class=\"wp-block-image size-large\"><img loading=\"lazy\" decoding=\"async\" width=\"630\" height=\"420\" src=\"https:\/\/tacuarembo.gub.uy\/wp-content\/uploads\/WhatsApp-Image-2026-03-13-at-15.51.35-630x420.jpeg\" alt=\"\" class=\"wp-image-35534\" srcset=\"https:\/\/tacuarembo.gub.uy\/wp-content\/uploads\/WhatsApp-Image-2026-03-13-at-15.51.35-630x420.jpeg 630w, https:\/\/tacuarembo.gub.uy\/wp-content\/uploads\/WhatsApp-Image-2026-03-13-at-15.51.35-320x213.jpeg 320w, https:\/\/tacuarembo.gub.uy\/wp-content\/uploads\/WhatsApp-Image-2026-03-13-at-15.51.35-768x512.jpeg 768w, https:\/\/tacuarembo.gub.uy\/wp-content\/uploads\/WhatsApp-Image-2026-03-13-at-15.51.35-1536x1024.jpeg 1536w, https:\/\/tacuarembo.gub.uy\/wp-content\/uploads\/WhatsApp-Image-2026-03-13-at-15.51.35-2048x1365.jpeg 2048w, https:\/\/tacuarembo.gub.uy\/wp-content\/uploads\/WhatsApp-Image-2026-03-13-at-15.51.35-900x600.jpeg 900w\" sizes=\"auto, (max-width: 630px) 100vw, 630px\" \/><\/figure>\n\n\n\n<p>La colaboraci\u00f3n no estaba planeada, lo que a\u00f1adi\u00f3 un condimento extra de espontaneidad y alegr\u00eda al espect\u00e1culo. \u00abTodo se dio como quiz\u00e1s no lo esper\u00e1bamos de esa manera y fue todo redondito\u00bb, afirm\u00f3 Tapari. Durante la conferencia, el artista tambi\u00e9n adelant\u00f3 sus pr\u00f3ximos proyectos, que incluyen el lanzamiento de una canci\u00f3n junto a Luciano Pereyra, la finalizaci\u00f3n de un nuevo \u00e1lbum y una gira internacional que lo llevar\u00e1 por Chile, Per\u00fa y Bolivia. Adem\u00e1s, comparti\u00f3 una profunda reflexi\u00f3n sobre la importancia de la familia y la fe en su vida, destacando que, m\u00e1s all\u00e1 del \u00e9xito profesional, su mayor anhelo es mantener a su familia unida. Con una actuaci\u00f3n memorable y un gesto de profundo respeto por la cultura local, Rodrigo Tapari dej\u00f3 una huella imborrable en la Patria Gaucha, demostrando una vez m\u00e1s su versatilidad y su enorme calidad art\u00edstica.<\/p>\n\n\n\n<div class=\"wp-block-image-gallery-block-image-gallery-block\"><div class=\"eb-parent-wrapper eb-parent-eb-image-gallery-179d7 \"><div class=\"eb-gallery-img-wrapper eb-image-gallery-179d7 grid overlay-bottom caption-style-0   no-isotope \" data-id=\"eb-image-gallery-179d7\"><a href=\"https:\/\/tacuarembo.gub.uy\/wp-content\/uploads\/WhatsApp-Image-2026-03-13-at-15.52.162.jpeg\" rel=\"noopener\" data-fslightbox=\"gallery\" data-type=\"image\" class=\"eb-gallery-img-content eb-filter-img-\"><span class=\"eb-gallery-link-wrapper\"><img decoding=\"async\" class=\"eb-gallery-img\" src=\"https:\/\/tacuarembo.gub.uy\/wp-content\/uploads\/WhatsApp-Image-2026-03-13-at-15.52.162.jpeg\" image-index=\"0\" alt=\"\"\/><\/span><\/a><a href=\"https:\/\/tacuarembo.gub.uy\/wp-content\/uploads\/WhatsApp-Image-2026-03-13-at-15.52.161.jpeg\" rel=\"noopener\" data-fslightbox=\"gallery\" data-type=\"image\" class=\"eb-gallery-img-content eb-filter-img-\"><span class=\"eb-gallery-link-wrapper\"><img decoding=\"async\" class=\"eb-gallery-img\" src=\"https:\/\/tacuarembo.gub.uy\/wp-content\/uploads\/WhatsApp-Image-2026-03-13-at-15.52.161.jpeg\" image-index=\"1\" alt=\"\"\/><\/span><\/a><a href=\"https:\/\/tacuarembo.gub.uy\/wp-content\/uploads\/WhatsApp-Image-2026-03-13-at-15.52.16.jpeg\" rel=\"noopener\" data-fslightbox=\"gallery\" data-type=\"image\" class=\"eb-gallery-img-content eb-filter-img-\"><span class=\"eb-gallery-link-wrapper\"><img decoding=\"async\" class=\"eb-gallery-img\" src=\"https:\/\/tacuarembo.gub.uy\/wp-content\/uploads\/WhatsApp-Image-2026-03-13-at-15.52.16.jpeg\" image-index=\"2\" alt=\"\"\/><\/span><\/a><\/div><\/div><\/div>\n","protected":false},"excerpt":{"rendered":"<p>Rodrigo Tapari emocion\u00f3 en la Patria Gaucha con un homenaje al folklore.<\/p>\n<p>El reconocido artista argentino Rodrigo Tapari brind\u00f3 un espect\u00e1culo inolvidable en el escenario de la Patria Gaucha, uno de las fiestas folkl\u00f3ricas m\u00e1s importantes de Uruguay. Ante miles de personas, el cantante no solo repas\u00f3 sus grandes \u00e9xitos, sino que tambi\u00e9n sorprendi\u00f3 y emocion\u00f3 al p\u00fablico con un sentido homenaje a la m\u00fasica tradicionalista. <\/p>\n<p>Tapari abri\u00f3 su presentaci\u00f3n con una en\u00e9rgica coreograf\u00eda de malambo, seguida de una emotiva interpretaci\u00f3n de \u00abZamba para Olvidar\u00bb. Esta elecci\u00f3n, seg\u00fan explic\u00f3 el propio artista en una <\/p>\n","protected":false},"author":3,"featured_media":35535,"comment_status":"closed","ping_status":"closed","sticky":false,"template":"","format":"standard","meta":{"_eb_attr":"","footnotes":""},"categories":[16],"tags":[],"class_list":{"0":"post-35533","1":"post","2":"type-post","3":"status-publish","4":"format-standard","5":"has-post-thumbnail","7":"category-noticias"},"_links":{"self":[{"href":"https:\/\/tacuarembo.gub.uy\/index.php?rest_route=\/wp\/v2\/posts\/35533","targetHints":{"allow":["GET"]}}],"collection":[{"href":"https:\/\/tacuarembo.gub.uy\/index.php?rest_route=\/wp\/v2\/posts"}],"about":[{"href":"https:\/\/tacuarembo.gub.uy\/index.php?rest_route=\/wp\/v2\/types\/post"}],"author":[{"embeddable":true,"href":"https:\/\/tacuarembo.gub.uy\/index.php?rest_route=\/wp\/v2\/users\/3"}],"replies":[{"embeddable":true,"href":"https:\/\/tacuarembo.gub.uy\/index.php?rest_route=%2Fwp%2Fv2%2Fcomments&post=35533"}],"version-history":[{"count":1,"href":"https:\/\/tacuarembo.gub.uy\/index.php?rest_route=\/wp\/v2\/posts\/35533\/revisions"}],"predecessor-version":[{"id":35538,"href":"https:\/\/tacuarembo.gub.uy\/index.php?rest_route=\/wp\/v2\/posts\/35533\/revisions\/35538"}],"wp:featuredmedia":[{"embeddable":true,"href":"https:\/\/tacuarembo.gub.uy\/index.php?rest_route=\/wp\/v2\/media\/35535"}],"wp:attachment":[{"href":"https:\/\/tacuarembo.gub.uy\/index.php?rest_route=%2Fwp%2Fv2%2Fmedia&parent=35533"}],"wp:term":[{"taxonomy":"category","embeddable":true,"href":"https:\/\/tacuarembo.gub.uy\/index.php?rest_route=%2Fwp%2Fv2%2Fcategories&post=35533"},{"taxonomy":"post_tag","embeddable":true,"href":"https:\/\/tacuarembo.gub.uy\/index.php?rest_route=%2Fwp%2Fv2%2Ftags&post=35533"}],"curies":[{"name":"wp","href":"https:\/\/api.w.org\/{rel}","templated":true}]}}