{"id":35524,"date":"2026-03-11T09:11:00","date_gmt":"2026-03-11T12:11:00","guid":{"rendered":"https:\/\/tacuarembo.gub.uy\/?p=35524"},"modified":"2026-03-11T21:13:50","modified_gmt":"2026-03-12T00:13:50","slug":"hugo-pereda-la-patria-gaucha-ha-puesto-a-tacuarembo-en-el-mundo","status":"publish","type":"post","link":"https:\/\/tacuarembo.gub.uy\/?p=35524","title":{"rendered":"Hugo Pereda: \u00abLa Patria Gaucha ha puesto a Tacuaremb\u00f3 en el mundo\u00bb"},"content":{"rendered":"\n<p>El arquitecto Hugo Pereda, presidente de la Comisi\u00f3n Organizadora de la Fiesta de la Patria Gaucha, calific\u00f3 la edici\u00f3n 2026 como \u00abun acontecimiento muy, muy especial\u00bb y destac\u00f3 la masiva respuesta del p\u00fablico desde los primeros d\u00edas de celebraci\u00f3n en la Laguna de las Lavanderas. <\/p>\n\n\n\n<p>En declaraciones durante el transcurso de la fiesta, Pereda subray\u00f3 que el evento convoca a personas de todas las edades, desde ni\u00f1os de cuatro a\u00f1os que bailan el peric\u00f3n hasta adultos mayores de ochenta, lo que refleja el alcance transversal de una celebraci\u00f3n que, seg\u00fan sus palabras, \u00abno es solamente la fiesta, sino lo que genera en toda la ciudad\u00bb. <\/p>\n\n\n\n<p>En ese sentido, destac\u00f3 el impacto econ\u00f3mico directo en la comunidad: modistas y costureras de Tacuaremb\u00f3 trabajaron desde diciembre confeccionando trajes de china y chirip\u00e1s para quienes eligieron vestirse de gaucho para participar en los espect\u00e1culos. <\/p>\n\n\n\n<p>La convocatoria de turistas nacionales e internacionales fue otro de los puntos centrales del mensaje del presidente de la comisi\u00f3n. Pereda se\u00f1al\u00f3 que visitantes alemanes y capitalinos que habitualmente no viajan al interior del pa\u00eds quedaron \u00abtotalmente impactados\u00bb con lo que Tacuaremb\u00f3 tiene para mostrar. <\/p>\n\n\n\n<p>\u00abLa fiesta de la Patria Gaucha ha puesto a Tacuaremb\u00f3 en el mundo, dada la cantidad de turistas extranjeros que tenemos\u00bb, afirm\u00f3, y aprovech\u00f3 para exhortar a los vecinos a orientar a quienes no conocen la ciudad y a mantener la higiene en cordones y veredas como parte de la bienvenida a los visitantes. <\/p>\n\n\n\n<p>En cuanto al trabajo de las 30 sociedades criollas que participan en los fogones, Pereda no ocult\u00f3 su sorpresa ante el nivel de preparaci\u00f3n alcanzado. Destac\u00f3 que varias de estas agrupaciones, de ra\u00edz netamente rural, consultaron a especialistas en historia para documentar con rigor los per\u00edodos y escenas que recrean, y que la documentaci\u00f3n presentada a la comisi\u00f3n fue de una calidad que \u00e9l mismo calific\u00f3 de extraordinaria. <\/p>\n\n\n\n<p>\u00abEs sumamente importante para toda la poblaci\u00f3n y sobre todo para la gente joven que se reencuentra con el pasado\u00bb, se\u00f1al\u00f3, y cerr\u00f3 con una cita que atribuy\u00f3 a Landriscina, el padrino de la fiesta: \u00abNo hay futuro si no se conoce el pasado\u00bb. Respecto a la programaci\u00f3n, Pereda inform\u00f3 que la entrada al predio es libre y gratuita lunes y martes, mientras que en una de las jornadas se solicita una colaboraci\u00f3n voluntaria a beneficio de la Casa Ronald de Tacuaremb\u00f3, iniciativa solidaria que la comisi\u00f3n sostiene desde hace a\u00f1os y que permite financiar proyectos de esa instituci\u00f3n de servicio a la comunidad.<\/p>\n\n\n\n<div class=\"wp-block-image-gallery-block-image-gallery-block\"><div class=\"eb-parent-wrapper eb-parent-eb-image-gallery-8hers \"><div class=\"eb-gallery-img-wrapper eb-image-gallery-8hers grid overlay-bottom caption-style-0   no-isotope \" data-id=\"eb-image-gallery-8hers\"><a href=\"https:\/\/tacuarembo.gub.uy\/wp-content\/uploads\/1000072859.jpg\" rel=\"noopener\" data-fslightbox=\"gallery\" data-type=\"image\" class=\"eb-gallery-img-content eb-filter-img-\"><span class=\"eb-gallery-link-wrapper\"><img decoding=\"async\" class=\"eb-gallery-img\" src=\"https:\/\/tacuarembo.gub.uy\/wp-content\/uploads\/1000072859.jpg\" image-index=\"0\" alt=\"\"\/><\/span><\/a><a href=\"https:\/\/tacuarembo.gub.uy\/wp-content\/uploads\/1000072858.jpg\" rel=\"noopener\" data-fslightbox=\"gallery\" data-type=\"image\" class=\"eb-gallery-img-content eb-filter-img-\"><span class=\"eb-gallery-link-wrapper\"><img decoding=\"async\" class=\"eb-gallery-img\" src=\"https:\/\/tacuarembo.gub.uy\/wp-content\/uploads\/1000072858.jpg\" image-index=\"1\" alt=\"\"\/><\/span><\/a><a href=\"https:\/\/tacuarembo.gub.uy\/wp-content\/uploads\/1000072857.jpg\" rel=\"noopener\" data-fslightbox=\"gallery\" data-type=\"image\" class=\"eb-gallery-img-content eb-filter-img-\"><span class=\"eb-gallery-link-wrapper\"><img decoding=\"async\" class=\"eb-gallery-img\" src=\"https:\/\/tacuarembo.gub.uy\/wp-content\/uploads\/1000072857.jpg\" image-index=\"2\" alt=\"\"\/><\/span><\/a><a href=\"https:\/\/tacuarembo.gub.uy\/wp-content\/uploads\/1000072856.jpg\" rel=\"noopener\" data-fslightbox=\"gallery\" data-type=\"image\" class=\"eb-gallery-img-content eb-filter-img-\"><span class=\"eb-gallery-link-wrapper\"><img decoding=\"async\" class=\"eb-gallery-img\" src=\"https:\/\/tacuarembo.gub.uy\/wp-content\/uploads\/1000072856.jpg\" image-index=\"3\" alt=\"\"\/><\/span><\/a><a href=\"https:\/\/tacuarembo.gub.uy\/wp-content\/uploads\/1000072855.jpg\" rel=\"noopener\" data-fslightbox=\"gallery\" data-type=\"image\" class=\"eb-gallery-img-content eb-filter-img-\"><span class=\"eb-gallery-link-wrapper\"><img decoding=\"async\" class=\"eb-gallery-img\" src=\"https:\/\/tacuarembo.gub.uy\/wp-content\/uploads\/1000072855.jpg\" image-index=\"4\" alt=\"\"\/><\/span><\/a><a href=\"https:\/\/tacuarembo.gub.uy\/wp-content\/uploads\/1000072854.jpg\" rel=\"noopener\" data-fslightbox=\"gallery\" data-type=\"image\" class=\"eb-gallery-img-content eb-filter-img-\"><span class=\"eb-gallery-link-wrapper\"><img decoding=\"async\" class=\"eb-gallery-img\" src=\"https:\/\/tacuarembo.gub.uy\/wp-content\/uploads\/1000072854.jpg\" image-index=\"5\" alt=\"\"\/><\/span><\/a><a href=\"https:\/\/tacuarembo.gub.uy\/wp-content\/uploads\/1000072853.jpg\" rel=\"noopener\" data-fslightbox=\"gallery\" data-type=\"image\" class=\"eb-gallery-img-content eb-filter-img-\"><span class=\"eb-gallery-link-wrapper\"><img decoding=\"async\" class=\"eb-gallery-img\" src=\"https:\/\/tacuarembo.gub.uy\/wp-content\/uploads\/1000072853.jpg\" image-index=\"6\" alt=\"\"\/><\/span><\/a><\/div><\/div><\/div>\n","protected":false},"excerpt":{"rendered":"<p>El arquitecto Hugo Pereda, presidente de la Comisi\u00f3n Organizadora de la Fiesta de la Patria Gaucha, calific\u00f3 la edici\u00f3n 2026 como \u00abun acontecimiento muy, muy especial\u00bb y destac\u00f3 la masiva respuesta del p\u00fablico desde los primeros d\u00edas de celebraci\u00f3n en la Laguna de las Lavanderas<\/p>\n","protected":false},"author":3,"featured_media":35531,"comment_status":"closed","ping_status":"closed","sticky":false,"template":"","format":"standard","meta":{"_eb_attr":"","footnotes":""},"categories":[16],"tags":[],"class_list":{"0":"post-35524","1":"post","2":"type-post","3":"status-publish","4":"format-standard","5":"has-post-thumbnail","7":"category-noticias"},"_links":{"self":[{"href":"https:\/\/tacuarembo.gub.uy\/index.php?rest_route=\/wp\/v2\/posts\/35524","targetHints":{"allow":["GET"]}}],"collection":[{"href":"https:\/\/tacuarembo.gub.uy\/index.php?rest_route=\/wp\/v2\/posts"}],"about":[{"href":"https:\/\/tacuarembo.gub.uy\/index.php?rest_route=\/wp\/v2\/types\/post"}],"author":[{"embeddable":true,"href":"https:\/\/tacuarembo.gub.uy\/index.php?rest_route=\/wp\/v2\/users\/3"}],"replies":[{"embeddable":true,"href":"https:\/\/tacuarembo.gub.uy\/index.php?rest_route=%2Fwp%2Fv2%2Fcomments&post=35524"}],"version-history":[{"count":1,"href":"https:\/\/tacuarembo.gub.uy\/index.php?rest_route=\/wp\/v2\/posts\/35524\/revisions"}],"predecessor-version":[{"id":35532,"href":"https:\/\/tacuarembo.gub.uy\/index.php?rest_route=\/wp\/v2\/posts\/35524\/revisions\/35532"}],"wp:featuredmedia":[{"embeddable":true,"href":"https:\/\/tacuarembo.gub.uy\/index.php?rest_route=\/wp\/v2\/media\/35531"}],"wp:attachment":[{"href":"https:\/\/tacuarembo.gub.uy\/index.php?rest_route=%2Fwp%2Fv2%2Fmedia&parent=35524"}],"wp:term":[{"taxonomy":"category","embeddable":true,"href":"https:\/\/tacuarembo.gub.uy\/index.php?rest_route=%2Fwp%2Fv2%2Fcategories&post=35524"},{"taxonomy":"post_tag","embeddable":true,"href":"https:\/\/tacuarembo.gub.uy\/index.php?rest_route=%2Fwp%2Fv2%2Ftags&post=35524"}],"curies":[{"name":"wp","href":"https:\/\/api.w.org\/{rel}","templated":true}]}}