{"id":35519,"date":"2026-03-11T01:59:00","date_gmt":"2026-03-11T04:59:00","guid":{"rendered":"https:\/\/tacuarembo.gub.uy\/?p=35519"},"modified":"2026-03-11T14:01:11","modified_gmt":"2026-03-11T17:01:11","slug":"la-orquesta-sinfonica-nacional-infantil-y-juvenil-del-sodre-llego-a-tacuarembo-con-el-programa-un-nino-un-instrumento","status":"publish","type":"post","link":"https:\/\/tacuarembo.gub.uy\/?p=35519","title":{"rendered":"La Orquesta Sinf\u00f3nica Nacional Infantil y Juvenil del Sodre lleg\u00f3 a Tacuaremb\u00f3 con el programa \u00abUn Ni\u00f1o, Un Instrumento\u00bb"},"content":{"rendered":"\n<p>La Orquesta Sinf\u00f3nica Nacional Infantil y Juvenil del SODRE se present\u00f3 en Tacuaremb\u00f3 en el marco de la Fiesta de la Patria Gaucha, en un evento que marc\u00f3 el inicio formal del programa \u00abUn Ni\u00f1o, Un Instrumento\u00bb en el departamento. <\/p>\n\n\n\n<p>La actuaci\u00f3n, que incluy\u00f3 la interpretaci\u00f3n del himno nacional y el peric\u00f3n en el Ruedo, as\u00ed como una presentaci\u00f3n en el escenario Miguel \u00c1ngel Ortiz, fue recibida con entusiasmo por el p\u00fablico tacuaremboense y signific\u00f3 un hito hist\u00f3rico para la cultura del norte del pa\u00eds. El director de la Orquesta Sinf\u00f3nica Nacional Infantil y Juvenil, maestro Ariel Britos, calific\u00f3 la jornada como un acontecimiento sin precedentes en la historia musical uruguaya. \u00abYo no tengo memoria de que en nuestro pa\u00eds se haya hecho un peric\u00f3n de estas dimensiones y con una orquesta sinf\u00f3nica\u00bb, expres\u00f3 Britos antes de subir al escenario, a\u00f1adiendo que Tacuaremb\u00f3 \u00absolamente nos convoca para cosas incre\u00edbles\u00bb. <\/p>\n\n\n\n<p>La actuaci\u00f3n en el Ruedo, con numerosas parejas de bailarines y la orquesta en vivo, represent\u00f3 un desaf\u00edo log\u00edstico que el conjunto afront\u00f3 con la misma energ\u00eda que ha caracterizado su trayectoria desde su fundaci\u00f3n en 2011. El programa \u00abUn Ni\u00f1o, Un Instrumento\u00bb es una iniciativa de alcance nacional que utiliza la m\u00fasica como herramienta de desarrollo cultural, educativo y social. Patrocinado por el Ministerio de Educaci\u00f3n y Cultura, el Sodre y la Asociaci\u00f3n de Orquestas Infantiles y Juveniles del Uruguay, el programa articula una red de n\u00facleos orquestales y corales distribuidos a lo largo del territorio nacional. <\/p>\n\n\n\n<p>Su estructura contempla tres ciclos educativos \u2014inicial, intermedio y superior\u2014 que permiten a los estudiantes avanzar progresivamente hasta alcanzar una titulaci\u00f3n de nivel terciario, con la aspiraci\u00f3n de elevarla a rango universitario en el futuro. El maestro Britos explic\u00f3 que el camino formativo no depende \u00fanicamente de la edad, sino tambi\u00e9n de la evoluci\u00f3n art\u00edstica de cada participante, y que \u00abun ni\u00f1o que empieza a tocar o a aprender un instrumento en Tacuaremb\u00f3 puede terminar siendo m\u00fasico de la Orquesta Sinf\u00f3nica Nacional Juvenil del Sodre\u00bb. <\/p>\n\n\n\n<p>La llegada del programa a Tacuaremb\u00f3 fue posible gracias a un acuerdo entre el Sodre y la Intendencia departamental, liderada por el intendente Wilson Ezquerra. Seg\u00fan el director generam Ignacio Borad, de la Direcci\u00f3n General de Educaci\u00f3n y Cultura de la Intendencia, el intendente respald\u00f3 de inmediato la propuesta cuando fue presentada para su inclusi\u00f3n en el presupuesto departamental. \u00abCuando con Gheisa L\u00f3pez se lo planteamos, de inmediato dio la oportunidad de generar espacios de formaci\u00f3n cultural para por lo menos 100 ni\u00f1os y ni\u00f1as de Tacuaremb\u00f3\u00bb, se\u00f1al\u00f3 Borad, destacando la importancia de que una pol\u00edtica p\u00fablica de car\u00e1cter nacional \u00abcruce el R\u00edo Negro\u00bb y llegue a los departamentos del norte del pa\u00eds. <\/p>\n\n\n\n<p>Gheisa L\u00f3pez, tambi\u00e9n integrante de la Direcci\u00f3n General de Educaci\u00f3n y Cultura, subray\u00f3 el entusiasmo generado por el programa entre los j\u00f3venes del departamento, indicando que ya se registraban numerosas inscripciones antes del inicio formal de las actividades. L\u00f3pez precis\u00f3 que, si bien el programa lleva el nombre de Orquesta Sinf\u00f3nica Infantil, est\u00e1 abierto a j\u00f3venes de hasta 18 a\u00f1os, con lo cual apunta tambi\u00e9n a quienes ya tienen experiencia musical en bandas locales. <\/p>\n\n\n\n<p>Entre los instrumentos que se incorporar\u00e1n al acervo cultural de Tacuaremb\u00f3 se encuentran el viol\u00edn, la viola, el violonchelo, el tromb\u00f3n, la trompeta, el oboe y el fagot \u2014instrumentos que, seg\u00fan L\u00f3pez, \u00abno estaban en nuestro acervo cultural continuo\u00bb y que pasar\u00e1n a integrarse al centro cultural departamental como espacio permanente de ensayo y formaci\u00f3n. <\/p>\n\n\n\n<p>La Intendencia asumir\u00e1 la gesti\u00f3n del programa \u00abUn ni\u00f1o, un instrumento\u00bb a trav\u00e9s de la Direcci\u00f3n General de Educaci\u00f3n y Cultura, garantizando as\u00ed la descentralizaci\u00f3n de la oferta formativa y su sostenibilidad institucional en el tiempo. Tanto Borad como L\u00f3pez coincidieron en que el lanzamiento en el marco de la Patria Gaucha \u2014uno de los eventos culturales m\u00e1s emblem\u00e1ticos del Uruguay\u2014 le otorg\u00f3 al inicio del programa un sello de identidad y un compromiso p\u00fablico dif\u00edcil de igualar. \u00abComienza con este sello, en Patria Gaucha, con la Sinf\u00f3nica Juvenil e Infantil tocando el peric\u00f3n y el himno nacional en el Ruedo y despu\u00e9s en el escenario\u00bb, afirm\u00f3 L\u00f3pez, quien expres\u00f3 la expectativa de que para la pr\u00f3xima edici\u00f3n de la fiesta ya sea posible ver a ni\u00f1os tacuarembohenses actuando en el escenario mayor. <\/p>\n\n\n\n<p>El maestro Ariel Britos, fundador y director de la Orquesta Juvenil del Sodre desde su creaci\u00f3n en 2011, es tambi\u00e9n presidente del Sistema de Orquestas y Coros Juveniles e Infantiles del Uruguay, organizaci\u00f3n sin fines de lucro que integra una red internacional presente en m\u00e1s de 30 pa\u00edses. Reconocido como Artista de la UNESCO por la Paz y distinguido con el Premio Ariel de Oro del Ateneo de Montevideo, Britos ha sido el principal impulsor de la expansi\u00f3n del modelo orquestal juvenil en el Uruguay, apostando a la m\u00fasica como veh\u00edculo de inclusi\u00f3n social y desarrollo humano.<\/p>\n\n\n\n<div class=\"wp-block-image-gallery-block-image-gallery-block\"><div class=\"eb-parent-wrapper eb-parent-eb-image-gallery-2m4jz \"><div class=\"eb-gallery-img-wrapper eb-image-gallery-2m4jz grid overlay-bottom caption-style-0   no-isotope \" data-id=\"eb-image-gallery-2m4jz\"><a href=\"https:\/\/tacuarembo.gub.uy\/wp-content\/uploads\/WhatsApp-Image-2026-03-11-at-13.39.13.jpeg\" rel=\"noopener\" data-fslightbox=\"gallery\" data-type=\"image\" class=\"eb-gallery-img-content eb-filter-img-\"><span class=\"eb-gallery-link-wrapper\"><img decoding=\"async\" class=\"eb-gallery-img\" src=\"https:\/\/tacuarembo.gub.uy\/wp-content\/uploads\/WhatsApp-Image-2026-03-11-at-13.39.13.jpeg\" image-index=\"0\" alt=\"\"\/><\/span><\/a><a href=\"https:\/\/tacuarembo.gub.uy\/wp-content\/uploads\/WhatsApp-Image-2026-03-11-at-13.37.49.jpeg\" rel=\"noopener\" data-fslightbox=\"gallery\" data-type=\"image\" class=\"eb-gallery-img-content eb-filter-img-\"><span class=\"eb-gallery-link-wrapper\"><img decoding=\"async\" class=\"eb-gallery-img\" src=\"https:\/\/tacuarembo.gub.uy\/wp-content\/uploads\/WhatsApp-Image-2026-03-11-at-13.37.49.jpeg\" image-index=\"1\" alt=\"\"\/><\/span><\/a><a href=\"https:\/\/tacuarembo.gub.uy\/wp-content\/uploads\/WhatsApp-Image-2026-03-11-at-13.37.48.jpeg\" rel=\"noopener\" data-fslightbox=\"gallery\" data-type=\"image\" class=\"eb-gallery-img-content eb-filter-img-\"><span class=\"eb-gallery-link-wrapper\"><img decoding=\"async\" class=\"eb-gallery-img\" src=\"https:\/\/tacuarembo.gub.uy\/wp-content\/uploads\/WhatsApp-Image-2026-03-11-at-13.37.48.jpeg\" image-index=\"2\" alt=\"\"\/><\/span><\/a><\/div><\/div><\/div>\n","protected":false},"excerpt":{"rendered":"<p>La Orquesta Sinf\u00f3nica Nacional Infantil y Juvenil del SODRE se present\u00f3 en Tacuaremb\u00f3 en el marco de la Fiesta de la Patria Gaucha, en un evento que marc\u00f3 el inicio formal del programa \u00abUn Ni\u00f1o, Un Instrumento\u00bb en el departamento<\/p>\n","protected":false},"author":3,"featured_media":35521,"comment_status":"closed","ping_status":"closed","sticky":false,"template":"","format":"standard","meta":{"_eb_attr":"","footnotes":""},"categories":[18,16],"tags":[],"class_list":{"0":"post-35519","1":"post","2":"type-post","3":"status-publish","4":"format-standard","5":"has-post-thumbnail","7":"category-cultura","8":"category-noticias"},"_links":{"self":[{"href":"https:\/\/tacuarembo.gub.uy\/index.php?rest_route=\/wp\/v2\/posts\/35519","targetHints":{"allow":["GET"]}}],"collection":[{"href":"https:\/\/tacuarembo.gub.uy\/index.php?rest_route=\/wp\/v2\/posts"}],"about":[{"href":"https:\/\/tacuarembo.gub.uy\/index.php?rest_route=\/wp\/v2\/types\/post"}],"author":[{"embeddable":true,"href":"https:\/\/tacuarembo.gub.uy\/index.php?rest_route=\/wp\/v2\/users\/3"}],"replies":[{"embeddable":true,"href":"https:\/\/tacuarembo.gub.uy\/index.php?rest_route=%2Fwp%2Fv2%2Fcomments&post=35519"}],"version-history":[{"count":1,"href":"https:\/\/tacuarembo.gub.uy\/index.php?rest_route=\/wp\/v2\/posts\/35519\/revisions"}],"predecessor-version":[{"id":35523,"href":"https:\/\/tacuarembo.gub.uy\/index.php?rest_route=\/wp\/v2\/posts\/35519\/revisions\/35523"}],"wp:featuredmedia":[{"embeddable":true,"href":"https:\/\/tacuarembo.gub.uy\/index.php?rest_route=\/wp\/v2\/media\/35521"}],"wp:attachment":[{"href":"https:\/\/tacuarembo.gub.uy\/index.php?rest_route=%2Fwp%2Fv2%2Fmedia&parent=35519"}],"wp:term":[{"taxonomy":"category","embeddable":true,"href":"https:\/\/tacuarembo.gub.uy\/index.php?rest_route=%2Fwp%2Fv2%2Fcategories&post=35519"},{"taxonomy":"post_tag","embeddable":true,"href":"https:\/\/tacuarembo.gub.uy\/index.php?rest_route=%2Fwp%2Fv2%2Ftags&post=35519"}],"curies":[{"name":"wp","href":"https:\/\/api.w.org\/{rel}","templated":true}]}}