{"id":35510,"date":"2026-03-11T11:28:44","date_gmt":"2026-03-11T14:28:44","guid":{"rendered":"https:\/\/tacuarembo.gub.uy\/?p=35510"},"modified":"2026-03-11T11:29:45","modified_gmt":"2026-03-11T14:29:45","slug":"tacuarembo-inauguro-con-emocion-y-tradicion-su-39-a-fiesta-de-la-patria-gaucha","status":"publish","type":"post","link":"https:\/\/tacuarembo.gub.uy\/?p=35510","title":{"rendered":"Tacuaremb\u00f3 inaugur\u00f3 con emoci\u00f3n y tradici\u00f3n su 39.\u00aa Fiesta de la Patria Gaucha"},"content":{"rendered":"\n<p><\/p>\n\n\n\n<p>La 39.\u00aa edici\u00f3n de la Fiesta de la Patria Gaucha qued\u00f3 oficialmente inaugurada en un emotivo acto que reuni\u00f3 a cientos de personas en el Ruedo Don Homero Formoso. <\/p>\n\n\n\n<p>El intendente departamental, Wilson Ezquerra Martinotti, presidi\u00f3 la ceremonia y destac\u00f3 el valor cultural e identitario que representa esta celebraci\u00f3n para Uruguay y para el mundo. El momento de mayor simbolismo de la noche fue el encendido del Fog\u00f3n de la Tradici\u00f3n, que dio paso al tradicional periconazo bajo la direcci\u00f3n del profesor \u00c1lvaro Cuello. <\/p>\n\n\n\n<p>En esa instancia, 251 parejas tomaron el ruedo en una estampa que resumi\u00f3 el esp\u00edritu de la fiesta: la identidad gaucha viva, en movimiento y con orgullo. La ceremonia de apertura cont\u00f3 con la actuaci\u00f3n del conjunto Tarum\u00e1n, el contrapunto de los payadores Joaqu\u00edn Crespi y Cacho M\u00e1rquez, y la participaci\u00f3n de la Orquesta Sinf\u00f3nica Infantil y Juvenil del Sodre, ofreciendo una apertura que combin\u00f3 las distintas expresiones del arte y la tradici\u00f3n nacional. <\/p>\n\n\n\n<p>En su discurso, el intendente Wilson Ezquerra subray\u00f3 que la Patria Gaucha trasciende el concepto de fiesta para convertirse en una manifestaci\u00f3n cultural de primer orden. \u00abLo que se promueve ac\u00e1 es una expresi\u00f3n cultural muy fuerte. Es la m\u00e1xima expresi\u00f3n que tenemos que sentir los orientales\u00bb, afirm\u00f3 ante el p\u00fablico presente. El jerarca tambi\u00e9n llam\u00f3 a reflexionar sobre la importancia de construir el futuro desde las ra\u00edces: \u00abSi no cimentamos nuestro futuro desde la tradici\u00f3n, desde los valores que nos legaron nuestros mayores, seguramente no habremos de tener un futuro muy promisorio\u00bb. <\/p>\n\n\n\n<p>Wilson Ezquerra extendi\u00f3 su reconocimiento a quienes hicieron posible esta fiesta a lo largo de los a\u00f1os, mencionando especialmente al doctor Carlos Arezo y a los ex- intendentes Sergio Chiesa y el doctor Eber da Rosa, como figuras que contribuyeron a forjar la grandeza del evento. Tambi\u00e9n agradeci\u00f3 a la comisi\u00f3n organizadora, que trabaja durante meses de forma honoraria, y a los organismos del Estado \u2014Jefatura de Polic\u00eda, Ej\u00e9rcito y Bomberos\u2014 que garantizan el desarrollo de los nueve d\u00edas de celebraci\u00f3n. La fiesta, que se extiende durante una semana completa, recibe visitantes de Argentina, Brasil y diversas nacionalidades. <\/p>\n\n\n\n<p>En esta edici\u00f3n, se aguarda adem\u00e1s la presencia de doce embajadores, cuya asistencia refuerza la proyecci\u00f3n internacional que ha alcanzado la Patria Gaucha como evento cultural de referencia en la regi\u00f3n. El intendente cerr\u00f3 su intervenci\u00f3n con una evocaci\u00f3n hist\u00f3rica al recordar que \u00abesta patria se hizo a caballo y la hicieron esos bravos gauchos\u00bb junto al pr\u00f3cer Jos\u00e9 Gervasio Artigas, convocando a todos los presentes a llevar consigo, al finalizar la fiesta, el orgullo de ser orientales. El acto culmin\u00f3 con un encendido \u00ab\u00a1Viva la Patria!\u00bb que reson\u00f3 en todo el predio.<\/p>\n\n\n\n<div class=\"wp-block-image-gallery-block-image-gallery-block\"><div class=\"eb-parent-wrapper eb-parent-eb-image-gallery-q4d3n \"><div class=\"eb-gallery-img-wrapper eb-image-gallery-q4d3n grid overlay-bottom caption-style-0   no-isotope \" data-id=\"eb-image-gallery-q4d3n\"><a href=\"https:\/\/tacuarembo.gub.uy\/wp-content\/uploads\/WhatsApp-Image-2026-03-11-at-11.24.571.jpeg\" rel=\"noopener\" data-fslightbox=\"gallery\" data-type=\"image\" class=\"eb-gallery-img-content eb-filter-img-\"><span class=\"eb-gallery-link-wrapper\"><img decoding=\"async\" class=\"eb-gallery-img\" src=\"https:\/\/tacuarembo.gub.uy\/wp-content\/uploads\/WhatsApp-Image-2026-03-11-at-11.24.571.jpeg\" image-index=\"0\" alt=\"\"\/><\/span><\/a><a href=\"https:\/\/tacuarembo.gub.uy\/wp-content\/uploads\/WhatsApp-Image-2026-03-11-at-11.24.57.jpeg\" rel=\"noopener\" data-fslightbox=\"gallery\" data-type=\"image\" class=\"eb-gallery-img-content eb-filter-img-\"><span class=\"eb-gallery-link-wrapper\"><img decoding=\"async\" class=\"eb-gallery-img\" src=\"https:\/\/tacuarembo.gub.uy\/wp-content\/uploads\/WhatsApp-Image-2026-03-11-at-11.24.57.jpeg\" image-index=\"1\" alt=\"\"\/><\/span><\/a><a href=\"https:\/\/tacuarembo.gub.uy\/wp-content\/uploads\/WhatsApp-Image-2026-03-11-at-11.24.562.jpeg\" rel=\"noopener\" data-fslightbox=\"gallery\" data-type=\"image\" class=\"eb-gallery-img-content eb-filter-img-\"><span class=\"eb-gallery-link-wrapper\"><img decoding=\"async\" class=\"eb-gallery-img\" src=\"https:\/\/tacuarembo.gub.uy\/wp-content\/uploads\/WhatsApp-Image-2026-03-11-at-11.24.562.jpeg\" image-index=\"2\" alt=\"\"\/><\/span><\/a><a href=\"https:\/\/tacuarembo.gub.uy\/wp-content\/uploads\/WhatsApp-Image-2026-03-11-at-11.24.561.jpeg\" rel=\"noopener\" data-fslightbox=\"gallery\" data-type=\"image\" class=\"eb-gallery-img-content eb-filter-img-\"><span class=\"eb-gallery-link-wrapper\"><img decoding=\"async\" class=\"eb-gallery-img\" src=\"https:\/\/tacuarembo.gub.uy\/wp-content\/uploads\/WhatsApp-Image-2026-03-11-at-11.24.561.jpeg\" image-index=\"3\" alt=\"\"\/><\/span><\/a><a href=\"https:\/\/tacuarembo.gub.uy\/wp-content\/uploads\/WhatsApp-Image-2026-03-11-at-11.24.56.jpeg\" rel=\"noopener\" data-fslightbox=\"gallery\" data-type=\"image\" class=\"eb-gallery-img-content eb-filter-img-\"><span class=\"eb-gallery-link-wrapper\"><img decoding=\"async\" class=\"eb-gallery-img\" src=\"https:\/\/tacuarembo.gub.uy\/wp-content\/uploads\/WhatsApp-Image-2026-03-11-at-11.24.56.jpeg\" image-index=\"4\" alt=\"\"\/><\/span><\/a><a href=\"https:\/\/tacuarembo.gub.uy\/wp-content\/uploads\/WhatsApp-Image-2026-03-11-at-11.24.551.jpeg\" rel=\"noopener\" data-fslightbox=\"gallery\" data-type=\"image\" class=\"eb-gallery-img-content eb-filter-img-\"><span class=\"eb-gallery-link-wrapper\"><img decoding=\"async\" class=\"eb-gallery-img\" src=\"https:\/\/tacuarembo.gub.uy\/wp-content\/uploads\/WhatsApp-Image-2026-03-11-at-11.24.551.jpeg\" image-index=\"5\" alt=\"\"\/><\/span><\/a><a href=\"https:\/\/tacuarembo.gub.uy\/wp-content\/uploads\/WhatsApp-Image-2026-03-11-at-11.24.55.jpeg\" rel=\"noopener\" data-fslightbox=\"gallery\" data-type=\"image\" class=\"eb-gallery-img-content eb-filter-img-\"><span class=\"eb-gallery-link-wrapper\"><img decoding=\"async\" class=\"eb-gallery-img\" src=\"https:\/\/tacuarembo.gub.uy\/wp-content\/uploads\/WhatsApp-Image-2026-03-11-at-11.24.55.jpeg\" image-index=\"6\" alt=\"\"\/><\/span><\/a><\/div><\/div><\/div>\n","protected":false},"excerpt":{"rendered":"<p>La 39.\u00aa edici\u00f3n de la Fiesta de la Patria Gaucha qued\u00f3 oficialmente inaugurada en un emotivo acto que reuni\u00f3 a cientos de personas en el Ruedo Don Homero Formoso<\/p>\n","protected":false},"author":3,"featured_media":35517,"comment_status":"closed","ping_status":"closed","sticky":false,"template":"","format":"standard","meta":{"_eb_attr":"","footnotes":""},"categories":[16],"tags":[],"class_list":{"0":"post-35510","1":"post","2":"type-post","3":"status-publish","4":"format-standard","5":"has-post-thumbnail","7":"category-noticias"},"_links":{"self":[{"href":"https:\/\/tacuarembo.gub.uy\/index.php?rest_route=\/wp\/v2\/posts\/35510","targetHints":{"allow":["GET"]}}],"collection":[{"href":"https:\/\/tacuarembo.gub.uy\/index.php?rest_route=\/wp\/v2\/posts"}],"about":[{"href":"https:\/\/tacuarembo.gub.uy\/index.php?rest_route=\/wp\/v2\/types\/post"}],"author":[{"embeddable":true,"href":"https:\/\/tacuarembo.gub.uy\/index.php?rest_route=\/wp\/v2\/users\/3"}],"replies":[{"embeddable":true,"href":"https:\/\/tacuarembo.gub.uy\/index.php?rest_route=%2Fwp%2Fv2%2Fcomments&post=35510"}],"version-history":[{"count":1,"href":"https:\/\/tacuarembo.gub.uy\/index.php?rest_route=\/wp\/v2\/posts\/35510\/revisions"}],"predecessor-version":[{"id":35518,"href":"https:\/\/tacuarembo.gub.uy\/index.php?rest_route=\/wp\/v2\/posts\/35510\/revisions\/35518"}],"wp:featuredmedia":[{"embeddable":true,"href":"https:\/\/tacuarembo.gub.uy\/index.php?rest_route=\/wp\/v2\/media\/35517"}],"wp:attachment":[{"href":"https:\/\/tacuarembo.gub.uy\/index.php?rest_route=%2Fwp%2Fv2%2Fmedia&parent=35510"}],"wp:term":[{"taxonomy":"category","embeddable":true,"href":"https:\/\/tacuarembo.gub.uy\/index.php?rest_route=%2Fwp%2Fv2%2Fcategories&post=35510"},{"taxonomy":"post_tag","embeddable":true,"href":"https:\/\/tacuarembo.gub.uy\/index.php?rest_route=%2Fwp%2Fv2%2Ftags&post=35510"}],"curies":[{"name":"wp","href":"https:\/\/api.w.org\/{rel}","templated":true}]}}