{"id":35507,"date":"2026-03-10T14:29:32","date_gmt":"2026-03-10T17:29:32","guid":{"rendered":"https:\/\/tacuarembo.gub.uy\/?p=35507"},"modified":"2026-03-10T14:29:35","modified_gmt":"2026-03-10T17:29:35","slug":"sabado-14-libre-de-vehiculo-por-desfile-patria-gaucha","status":"publish","type":"post","link":"https:\/\/tacuarembo.gub.uy\/?p=35507","title":{"rendered":"S\u00e1bado 14, libre de veh\u00edculo por desfile Patria Gaucha"},"content":{"rendered":"\n<p>La Intendencia de Tacuaremb\u00f3, Dir. de Tr\u00e1nsito informa que, debido a la realizaci\u00f3n del desfile de la Fiesta de la Patria Gaucha 2026, a realizarse este pr\u00f3ximo s\u00e1bado 14 de marzo, los propietarios de veh\u00edculos deben dejar libre de los mismos a partir de la hora 08:00 en las siguientes calles: Bvar. Aparicio Saravia, Avda. Oribe, Bvar. Rodr\u00edguez Correa, 18 de Julio desde Bvar. Rodr\u00edguez Correa hasta Parque Rod\u00f3, Avda. Dr. Morquio, Paul Harris y Avda. Fernando Secco Aparicio; agradecemos la comprensi\u00f3n y colaboraci\u00f3n de los conductores y poblaci\u00f3n en general para facilitar el destaque del tradicional desfile<\/p>\n","protected":false},"excerpt":{"rendered":"<p>La Intendencia de Tacuaremb\u00f3, Dir. de Tr\u00e1nsito informa que, debido a la realizaci\u00f3n del desfile de la Fiesta de la Patria Gaucha 2026, a realizarse este pr\u00f3ximo s\u00e1bado 14 de marzo<\/p>\n","protected":false},"author":3,"featured_media":35508,"comment_status":"closed","ping_status":"closed","sticky":false,"template":"","format":"standard","meta":{"_eb_attr":"","footnotes":""},"categories":[38],"tags":[],"class_list":{"0":"post-35507","1":"post","2":"type-post","3":"status-publish","4":"format-standard","5":"has-post-thumbnail","7":"category-comunicados-de-prensa"},"_links":{"self":[{"href":"https:\/\/tacuarembo.gub.uy\/index.php?rest_route=\/wp\/v2\/posts\/35507","targetHints":{"allow":["GET"]}}],"collection":[{"href":"https:\/\/tacuarembo.gub.uy\/index.php?rest_route=\/wp\/v2\/posts"}],"about":[{"href":"https:\/\/tacuarembo.gub.uy\/index.php?rest_route=\/wp\/v2\/types\/post"}],"author":[{"embeddable":true,"href":"https:\/\/tacuarembo.gub.uy\/index.php?rest_route=\/wp\/v2\/users\/3"}],"replies":[{"embeddable":true,"href":"https:\/\/tacuarembo.gub.uy\/index.php?rest_route=%2Fwp%2Fv2%2Fcomments&post=35507"}],"version-history":[{"count":1,"href":"https:\/\/tacuarembo.gub.uy\/index.php?rest_route=\/wp\/v2\/posts\/35507\/revisions"}],"predecessor-version":[{"id":35509,"href":"https:\/\/tacuarembo.gub.uy\/index.php?rest_route=\/wp\/v2\/posts\/35507\/revisions\/35509"}],"wp:featuredmedia":[{"embeddable":true,"href":"https:\/\/tacuarembo.gub.uy\/index.php?rest_route=\/wp\/v2\/media\/35508"}],"wp:attachment":[{"href":"https:\/\/tacuarembo.gub.uy\/index.php?rest_route=%2Fwp%2Fv2%2Fmedia&parent=35507"}],"wp:term":[{"taxonomy":"category","embeddable":true,"href":"https:\/\/tacuarembo.gub.uy\/index.php?rest_route=%2Fwp%2Fv2%2Fcategories&post=35507"},{"taxonomy":"post_tag","embeddable":true,"href":"https:\/\/tacuarembo.gub.uy\/index.php?rest_route=%2Fwp%2Fv2%2Ftags&post=35507"}],"curies":[{"name":"wp","href":"https:\/\/api.w.org\/{rel}","templated":true}]}}