{"id":35500,"date":"2026-03-05T09:18:58","date_gmt":"2026-03-05T12:18:58","guid":{"rendered":"https:\/\/tacuarembo.gub.uy\/?p=35500"},"modified":"2026-03-05T09:19:01","modified_gmt":"2026-03-05T12:19:01","slug":"la-patria-gaucha-incorpora-un-espacio-educativo-que-reivindica-el-valor-de-la-escuela-rural","status":"publish","type":"post","link":"https:\/\/tacuarembo.gub.uy\/?p=35500","title":{"rendered":"La Patria Gaucha incorpora un espacio educativo que reivindica el valor de la escuela rural"},"content":{"rendered":"\n<p>La Fiesta de la Patria Gaucha, el evento tradicionalista m\u00e1s importante del Uruguay, sum\u00f3 este a\u00f1o una dimensi\u00f3n in\u00e9dita a su programaci\u00f3n: un espacio educativo que re\u00fane a todos los niveles de la ense\u00f1anza del departamento de Tacuaremb\u00f3 para poner en valor la educaci\u00f3n rural y su papel en la historia del pa\u00eds. <\/p>\n\n\n\n<p>La iniciativa, impulsada por la Comisi\u00f3n Organizadora y que cuenta con el apoyo de Comisi\u00f3n Departamental de Educaci\u00f3n, tendr\u00e1 del 7 al 15 de marzo, la participaci\u00f3n de representantes de Educaci\u00f3n Primaria, Secundaria, UTU, el Consejo de Formaci\u00f3n en Educaci\u00f3n y la Universidad de la Rep\u00fablica, quienes presentaron el proyecto en una conferencia de prensa realizada en el predio de la Laguna de las Lavanderas. <\/p>\n\n\n\n<figure class=\"wp-block-image size-large\"><img loading=\"lazy\" decoding=\"async\" width=\"746\" height=\"420\" src=\"https:\/\/tacuarembo.gub.uy\/wp-content\/uploads\/WhatsApp-Image-2026-03-05-at-09.05.13-746x420.jpeg\" alt=\"\" class=\"wp-image-35501\" srcset=\"https:\/\/tacuarembo.gub.uy\/wp-content\/uploads\/WhatsApp-Image-2026-03-05-at-09.05.13-746x420.jpeg 746w, https:\/\/tacuarembo.gub.uy\/wp-content\/uploads\/WhatsApp-Image-2026-03-05-at-09.05.13-320x180.jpeg 320w, https:\/\/tacuarembo.gub.uy\/wp-content\/uploads\/WhatsApp-Image-2026-03-05-at-09.05.13-768x432.jpeg 768w, https:\/\/tacuarembo.gub.uy\/wp-content\/uploads\/WhatsApp-Image-2026-03-05-at-09.05.13-1536x865.jpeg 1536w, https:\/\/tacuarembo.gub.uy\/wp-content\/uploads\/WhatsApp-Image-2026-03-05-at-09.05.13.jpeg 2000w\" sizes=\"auto, (max-width: 746px) 100vw, 746px\" \/><\/figure>\n\n\n\n<p>La directora del Centro Universitario de Tacuaremb\u00f3, Cecilia Marrero, explic\u00f3 que el v\u00ednculo entre la Universidad de la Rep\u00fablica y la Patria Gaucha comenz\u00f3 el a\u00f1o pasado, cuando ambas instituciones trabajaron juntas en la conmemoraci\u00f3n de los 80 a\u00f1os de las Misiones Sociopedag\u00f3gicas. \u00abA partir de ah\u00ed surgi\u00f3 esta invitaci\u00f3n para que la fiesta m\u00e1s importante del Uruguay tenga un espacio educativo como lugar para difundir y dar a conocer a la sociedad todo lo que es hist\u00f3ricamente la memoria, el pasado, el presente y el futuro de la educaci\u00f3n en el medio rural\u00bb, se\u00f1al\u00f3 Marrero, quien tambi\u00e9n destac\u00f3 el rol de la Comisi\u00f3n Departamental de Educaci\u00f3n como articuladora de todos los organismos de ense\u00f1anza del departamento. <\/p>\n\n\n\n<p>El espacio educativo recrear\u00e1 la primera misi\u00f3n sociopedag\u00f3gica de Uruguay, realizada en 1945 en Caraguat\u00e1, Tacuaremb\u00f3, en las escuelas 61 y 28 de esa localidad. La estructura montada en el predio representa la Escuela Rancho de aquella \u00e9poca, donde se llev\u00f3 a cabo esa experiencia pionera de extensi\u00f3n educativa en el medio rural. <\/p>\n\n\n\n<p>El homenaje incluye un reconocimiento especial a la maestra Elsa Fern\u00e1ndez, directora de la Escuela 28 en esos a\u00f1os, cuyos informes enviados a las inspecciones de Montevideo dieron a conocer la situaci\u00f3n que se viv\u00eda en la campa\u00f1a y fueron el punto de partida para el surgimiento de las misiones. \u00abNos pareci\u00f3 muy oportuno destacarlo ahora en esta fiesta tan importante para el departamento y para el pa\u00eds, y rememorar lo que fue esa acci\u00f3n de extensi\u00f3n y de educaci\u00f3n en el medio rural\u00bb, expres\u00f3 la representante de la Comisi\u00f3n Departamental de Educaci\u00f3n y directora del Instituto de Formaci\u00f3n Docente Milagros Blanc. <\/p>\n\n\n\n<p>En el stand de primaria, tres agrupamientos de escuelas rurales de Tacuaremb\u00f3 presentar\u00e1n el trabajo que vienen desarrollando desde 2025 en el marco del proyecto del Bicentenario. Las instituciones de la zona de Los Furtados, Paso Hondo, Montevideo Chico, La Hilera, Paso de los Novillos, Caraguat\u00e1 y Quebradas del Norte eligieron recrear parte de la estancia de don Guillermo Teixeira Fros, que data de entre 1836 y 1840 y se ubica en la zona de la estaci\u00f3n de Laureles. La maestra Valeria Da Silva destac\u00f3 que la representaci\u00f3n tiene un significado especial porque algunos de los alumnos de la Escuela de Laureles son descendientes directos de ese propietario. Los padres de esa escuela construyeron una maqueta de grandes dimensiones que servir\u00e1 como punto de partida para mostrar c\u00f3mo era la estancia en aquellos a\u00f1os, mientras que las dem\u00e1s instituciones recrear\u00e1n el patio de la estancia con sus oficios, actores sociales, el gaucho y la paisana de la \u00e9poca. <\/p>\n\n\n\n<p>Aproximadamente 80 ni\u00f1os de escuelas rurales participar\u00e1n activamente del stand, junto a sus familias y maestros, quienes fueron los art\u00edfices de todo el trabajo de preparaci\u00f3n, destac\u00f3 la maestra Patricia Ortiz. Las escuelas urbanas del departamento tambi\u00e9n tendr\u00e1n presencia en el espacio educativo y participar\u00e1n de la muestra del documental de Patria Gaucha en el Teatro Escayola. La log\u00edstica, coordinada por la maestra Paola Rodr\u00edguez, prev\u00e9 que los alumnos de los agrupamientos rurales almuercen en escuelas cercanas como la de Zapar\u00e1, la Escuela 31 del Sauce de Batob\u00ed y la Colonia Escolar, en un momento de integraci\u00f3n que aprovechar\u00e1 su estad\u00eda en Tacuaremb\u00f3 durante toda la semana del evento. <\/p>\n\n\n\n<p>Los representantes de la Comisi\u00f3n Departamental de Educaci\u00f3n se\u00f1alaron que el trabajo conjunto entre instituciones es la clave del proyecto. \u00abCuando se habla de educaci\u00f3n, igual que cuando se habla de salud, no hay que pensar en chacritas sino en la poblaci\u00f3n y en los resultados en t\u00e9rminos generales\u00bb, se valor\u00f3 la oportunidad que brinda la Patria Gaucha para afianzar ese trabajo articulado entre la universidad, ANEP, la Inspecci\u00f3n Departamental de Primaria y los centros educativos de todos los niveles. Para la Comisi\u00f3n Organizadora de la Patria Gaucha, la incorporaci\u00f3n de este espacio representa un paso hacia una fiesta que no solo celebra la tradici\u00f3n, sino que tambi\u00e9n la piensa, la ense\u00f1a y la proyecta hacia las nuevas generaciones<\/p>\n","protected":false},"excerpt":{"rendered":"<p>La Fiesta de la Patria Gaucha, el evento tradicionalista m\u00e1s importante del Uruguay, sum\u00f3 este a\u00f1o una dimensi\u00f3n in\u00e9dita a su programaci\u00f3n: un espacio educativo que re\u00fane a todos los niveles de la ense\u00f1anza del departamento de Tacuaremb\u00f3 para poner en valor la educaci\u00f3n rural y su papel en la historia del pa\u00eds<\/p>\n","protected":false},"author":3,"featured_media":35501,"comment_status":"closed","ping_status":"closed","sticky":false,"template":"","format":"standard","meta":{"_eb_attr":"","footnotes":""},"categories":[16],"tags":[],"class_list":{"0":"post-35500","1":"post","2":"type-post","3":"status-publish","4":"format-standard","5":"has-post-thumbnail","7":"category-noticias"},"_links":{"self":[{"href":"https:\/\/tacuarembo.gub.uy\/index.php?rest_route=\/wp\/v2\/posts\/35500","targetHints":{"allow":["GET"]}}],"collection":[{"href":"https:\/\/tacuarembo.gub.uy\/index.php?rest_route=\/wp\/v2\/posts"}],"about":[{"href":"https:\/\/tacuarembo.gub.uy\/index.php?rest_route=\/wp\/v2\/types\/post"}],"author":[{"embeddable":true,"href":"https:\/\/tacuarembo.gub.uy\/index.php?rest_route=\/wp\/v2\/users\/3"}],"replies":[{"embeddable":true,"href":"https:\/\/tacuarembo.gub.uy\/index.php?rest_route=%2Fwp%2Fv2%2Fcomments&post=35500"}],"version-history":[{"count":1,"href":"https:\/\/tacuarembo.gub.uy\/index.php?rest_route=\/wp\/v2\/posts\/35500\/revisions"}],"predecessor-version":[{"id":35502,"href":"https:\/\/tacuarembo.gub.uy\/index.php?rest_route=\/wp\/v2\/posts\/35500\/revisions\/35502"}],"wp:featuredmedia":[{"embeddable":true,"href":"https:\/\/tacuarembo.gub.uy\/index.php?rest_route=\/wp\/v2\/media\/35501"}],"wp:attachment":[{"href":"https:\/\/tacuarembo.gub.uy\/index.php?rest_route=%2Fwp%2Fv2%2Fmedia&parent=35500"}],"wp:term":[{"taxonomy":"category","embeddable":true,"href":"https:\/\/tacuarembo.gub.uy\/index.php?rest_route=%2Fwp%2Fv2%2Fcategories&post=35500"},{"taxonomy":"post_tag","embeddable":true,"href":"https:\/\/tacuarembo.gub.uy\/index.php?rest_route=%2Fwp%2Fv2%2Ftags&post=35500"}],"curies":[{"name":"wp","href":"https:\/\/api.w.org\/{rel}","templated":true}]}}