{"id":3507,"date":"2019-07-04T18:29:24","date_gmt":"2019-07-04T18:29:24","guid":{"rendered":"https:\/\/tacuarembo.gub.uy\/?p=3507"},"modified":"2019-07-04T18:29:24","modified_gmt":"2019-07-04T18:29:24","slug":"primer-corre-salud","status":"publish","type":"post","link":"https:\/\/tacuarembo.gub.uy\/?p=3507","title":{"rendered":"Primer Corre Salud"},"content":{"rendered":"\n<p>Con el apoyo de la IDT a trav\u00e9s de la Direcci\u00f3n de Deporte y otras organizaciones, se disputar\u00e1 este domingo 7 de julio a la hora 10 con largada frente al local de AFUCO (Sindicato de Comta), una corrida de 5 k y 10 k en el marco de la promoci\u00f3n de la actividad f\u00edsica mejorando la calidad de vida. Marcos Pedrozo del Equipo de Salud que naci\u00f3 en una guardia en COMTA con ese objetivo que destac\u00e1bamos se\u00f1alo que \u201c Esta es la primera carrera que organizan con el apoyo de diferentes instituciones y se hace para celebrar el aniversario del equipo y en beneficio de un compa\u00f1ero\u201d.<\/p>\n\n\n\n<figure class=\"wp-block-image\"><img loading=\"lazy\" decoding=\"async\" width=\"800\" height=\"420\" src=\"https:\/\/tacuarembo.gub.uy\/wp-content\/uploads\/WhatsApp-Image-2019-07-04-at-15.23.261-800x420.jpeg\" alt=\"\" class=\"wp-image-3508\"\/><\/figure>\n\n\n\n<figure class=\"wp-block-image\"><img loading=\"lazy\" decoding=\"async\" width=\"800\" height=\"420\" src=\"https:\/\/tacuarembo.gub.uy\/wp-content\/uploads\/WhatsApp-Image-2019-07-04-at-15.23.26-800x420.jpeg\" alt=\"\" class=\"wp-image-3509\"\/><\/figure>\n","protected":false},"excerpt":{"rendered":"<p>Con el apoyo de la IDT a trav\u00e9s de la Direcci\u00f3n de Deporte y otras organizaciones, se disputar\u00e1 este domingo 7 de julio a la hora 10 con largada frente al local de AFUCO (Sindicato de Comta), una corrida de 5 k y 10 k en el marco de la promoci\u00f3n de la actividad f\u00edsica mejorando la calidad de vida.<\/p>\n","protected":false},"author":3,"featured_media":3509,"comment_status":"open","ping_status":"open","sticky":false,"template":"","format":"standard","meta":{"_eb_attr":"","footnotes":""},"categories":[16],"tags":[],"class_list":{"0":"post-3507","1":"post","2":"type-post","3":"status-publish","4":"format-standard","5":"has-post-thumbnail","7":"category-noticias"},"_links":{"self":[{"href":"https:\/\/tacuarembo.gub.uy\/index.php?rest_route=\/wp\/v2\/posts\/3507","targetHints":{"allow":["GET"]}}],"collection":[{"href":"https:\/\/tacuarembo.gub.uy\/index.php?rest_route=\/wp\/v2\/posts"}],"about":[{"href":"https:\/\/tacuarembo.gub.uy\/index.php?rest_route=\/wp\/v2\/types\/post"}],"author":[{"embeddable":true,"href":"https:\/\/tacuarembo.gub.uy\/index.php?rest_route=\/wp\/v2\/users\/3"}],"replies":[{"embeddable":true,"href":"https:\/\/tacuarembo.gub.uy\/index.php?rest_route=%2Fwp%2Fv2%2Fcomments&post=3507"}],"version-history":[{"count":1,"href":"https:\/\/tacuarembo.gub.uy\/index.php?rest_route=\/wp\/v2\/posts\/3507\/revisions"}],"predecessor-version":[{"id":3510,"href":"https:\/\/tacuarembo.gub.uy\/index.php?rest_route=\/wp\/v2\/posts\/3507\/revisions\/3510"}],"wp:featuredmedia":[{"embeddable":true,"href":"https:\/\/tacuarembo.gub.uy\/index.php?rest_route=\/wp\/v2\/media\/3509"}],"wp:attachment":[{"href":"https:\/\/tacuarembo.gub.uy\/index.php?rest_route=%2Fwp%2Fv2%2Fmedia&parent=3507"}],"wp:term":[{"taxonomy":"category","embeddable":true,"href":"https:\/\/tacuarembo.gub.uy\/index.php?rest_route=%2Fwp%2Fv2%2Fcategories&post=3507"},{"taxonomy":"post_tag","embeddable":true,"href":"https:\/\/tacuarembo.gub.uy\/index.php?rest_route=%2Fwp%2Fv2%2Ftags&post=3507"}],"curies":[{"name":"wp","href":"https:\/\/api.w.org\/{rel}","templated":true}]}}