{"id":3504,"date":"2019-07-04T18:08:44","date_gmt":"2019-07-04T18:08:44","guid":{"rendered":"https:\/\/tacuarembo.gub.uy\/?p=3504"},"modified":"2019-07-04T18:08:44","modified_gmt":"2019-07-04T18:08:44","slug":"plato-caliente-llega-a-caraguata","status":"publish","type":"post","link":"https:\/\/tacuarembo.gub.uy\/?p=3504","title":{"rendered":"Plato Caliente llega a Caraguat\u00e1"},"content":{"rendered":"\n<p>El programa que impulsa la IDT a trav\u00e9s de la Direcci\u00f3n de Desarrollo Social en coordinaci\u00f3n con los municipios y los centros de barrio, se extiende hasta Caraguat\u00e1 y con el apoyo de la Junta Local se brindar\u00e1 este servicio que tiene como objetivo acompa\u00f1ar a las personas en situaci\u00f3n de vulnerabilidad en este frio invierno con temperaturas por debajo del 0. El Director Lic. Pedro Permanyer confirm\u00f3 que la inscripci\u00f3n de los interesados y que est\u00e9n en esta situaci\u00f3n compleja pueden anotarse el mi\u00e9rcoles 10 a las 14 hs , d\u00eda y horario en el que estar\u00e1 el equipo t\u00e9cnico y los requisitos son los siguientes: Los interesados deber\u00e1n presentar fotocopia de cedula de identidad de los integrantes del n\u00facleo familiar interesados en recibir el plato caliente, constancia de domicilio (recibo de UTE, OSE o ANTEL), tambi\u00e9n recibo de ingreso de los mayores de 18 a\u00f1os incluyendo recibo de sueldo, asignaci\u00f3n, pensi\u00f3n o jubilaci\u00f3n.<\/p>\n\n\n\n<figure class=\"wp-block-image\"><img loading=\"lazy\" decoding=\"async\" width=\"800\" height=\"420\" src=\"https:\/\/tacuarembo.gub.uy\/wp-content\/uploads\/WhatsApp-Image-2019-07-04-at-15.07.28-800x420.jpeg\" alt=\"\" class=\"wp-image-3505\"\/><\/figure>\n","protected":false},"excerpt":{"rendered":"<p>El programa que impulsa la IDT a trav\u00e9s de la Direcci\u00f3n de Desarrollo Social en coordinaci\u00f3n con los municipios y los centros de barrio, se extiende hasta Caraguat\u00e1 y con el apoyo de la Junta Local se brindar\u00e1 este servicio que tiene como objetivo acompa\u00f1ar a las personas en situaci\u00f3n de vulnerabilidad en este frio invierno con temperaturas por debajo del 0.<\/p>\n","protected":false},"author":3,"featured_media":3505,"comment_status":"open","ping_status":"open","sticky":false,"template":"","format":"standard","meta":{"_eb_attr":"","footnotes":""},"categories":[16],"tags":[],"class_list":{"0":"post-3504","1":"post","2":"type-post","3":"status-publish","4":"format-standard","5":"has-post-thumbnail","7":"category-noticias"},"_links":{"self":[{"href":"https:\/\/tacuarembo.gub.uy\/index.php?rest_route=\/wp\/v2\/posts\/3504","targetHints":{"allow":["GET"]}}],"collection":[{"href":"https:\/\/tacuarembo.gub.uy\/index.php?rest_route=\/wp\/v2\/posts"}],"about":[{"href":"https:\/\/tacuarembo.gub.uy\/index.php?rest_route=\/wp\/v2\/types\/post"}],"author":[{"embeddable":true,"href":"https:\/\/tacuarembo.gub.uy\/index.php?rest_route=\/wp\/v2\/users\/3"}],"replies":[{"embeddable":true,"href":"https:\/\/tacuarembo.gub.uy\/index.php?rest_route=%2Fwp%2Fv2%2Fcomments&post=3504"}],"version-history":[{"count":1,"href":"https:\/\/tacuarembo.gub.uy\/index.php?rest_route=\/wp\/v2\/posts\/3504\/revisions"}],"predecessor-version":[{"id":3506,"href":"https:\/\/tacuarembo.gub.uy\/index.php?rest_route=\/wp\/v2\/posts\/3504\/revisions\/3506"}],"wp:featuredmedia":[{"embeddable":true,"href":"https:\/\/tacuarembo.gub.uy\/index.php?rest_route=\/wp\/v2\/media\/3505"}],"wp:attachment":[{"href":"https:\/\/tacuarembo.gub.uy\/index.php?rest_route=%2Fwp%2Fv2%2Fmedia&parent=3504"}],"wp:term":[{"taxonomy":"category","embeddable":true,"href":"https:\/\/tacuarembo.gub.uy\/index.php?rest_route=%2Fwp%2Fv2%2Fcategories&post=3504"},{"taxonomy":"post_tag","embeddable":true,"href":"https:\/\/tacuarembo.gub.uy\/index.php?rest_route=%2Fwp%2Fv2%2Ftags&post=3504"}],"curies":[{"name":"wp","href":"https:\/\/api.w.org\/{rel}","templated":true}]}}