{"id":34953,"date":"2026-01-14T19:35:36","date_gmt":"2026-01-14T22:35:36","guid":{"rendered":"https:\/\/tacuarembo.gub.uy\/?p=34953"},"modified":"2026-01-14T19:36:26","modified_gmt":"2026-01-14T22:36:26","slug":"quedo-presentado-el-afiche-de-la-39a-fiesta-de-la-patria-gaucha","status":"publish","type":"post","link":"https:\/\/tacuarembo.gub.uy\/?p=34953","title":{"rendered":"Qued\u00f3 presentado el afiche de la 39\u00aa Fiesta de la Patria Gaucha"},"content":{"rendered":"\n<p><\/p>\n\n\n\n<p>Fue presentado oficialmente el afiche que identificar\u00e1 la 39\u00aa edici\u00f3n de la Fiesta de la Patria Gaucha, que se desarrollar\u00e1 del 7 al 15 de marzo en la Laguna de las Lavanderas, en Tacuaremb\u00f3. <\/p>\n\n\n\n<p>La obra, que representa las \u00abPilchas Gauchas\u00bb, tema de la fiesta de este a\u00f1o, fue creada por el artista coloniense Fernando Fraga.<\/p>\n\n\n\n<p>El presidente de la Comisi\u00f3n Organizadora, arquitecto Hugo Pereda, destac\u00f3 que la elecci\u00f3n del tema busca homenajear y rescatar la vestimenta tradicional gaucha, que se ha ido perdiendo con el tiempo. <\/p>\n\n\n\n<p>\u00abHemos querido homenajear a algo que por la historia o por los acontecimientos se ha ido borrando del atuendo de muchas personas de campo\u00bb, expres\u00f3 Pereda. El afiche, que muestra a una paisana, un gaucho y un caballo con sus respectivas pilchas, fue elogiado por Pereda como \u00abuna de las mejores presentaciones\u00bb en la historia de la fiesta.<\/p>\n\n\n\n<p>Por su parte, Mariana Luque, integrante de la subcomisi\u00f3n de campo, adelant\u00f3 algunas de las novedades y actividades que se desarrollar\u00e1n durante la fiesta. Entre ellas, destaca la incorporaci\u00f3n de las \u00absociedades visitantes\u00bb a la competencia, que ahora podr\u00e1n sumar puntos en pruebas de monta, en pelo y en basto. Con esta modificaci\u00f3n, ser\u00e1n 30 las sociedades que competir\u00e1n en esta edici\u00f3n.<\/p>\n\n\n\n<p>Adem\u00e1s, se realizar\u00e1n juegos tradicionales para escolares, como la carrera de embolsado y otros entretenimientos recreativos, con el objetivo de acercar a los m\u00e1s j\u00f3venes a las tradiciones camperas. Tambi\u00e9n habr\u00e1 demostraciones de forja a cargo del campe\u00f3n latinoamericano de la especialidad, un remate de caballos, el tradicional concurso de ponchos, de esquila y una nueva edici\u00f3n del peric\u00f3n, para el que se espera una masiva participaci\u00f3n.<\/p>\n\n\n\n<p>La 39\u00aa Fiesta de la Patria Gaucha se perfila como un evento de gran magnitud, que busca revalorizar las tradiciones y la identidad gaucha, convocando a participantes y p\u00fablico de todo el pa\u00eds en Tacuaremb\u00f3, capital del tradicionalismo.<\/p>\n\n\n\n<figure class=\"wp-block-image size-full\"><img loading=\"lazy\" decoding=\"async\" width=\"1080\" height=\"1350\" src=\"https:\/\/tacuarembo.gub.uy\/wp-content\/uploads\/1000061353.jpg\" alt=\"\" class=\"wp-image-34956\" srcset=\"https:\/\/tacuarembo.gub.uy\/wp-content\/uploads\/1000061353.jpg 1080w, https:\/\/tacuarembo.gub.uy\/wp-content\/uploads\/1000061353-224x280.jpg 224w, https:\/\/tacuarembo.gub.uy\/wp-content\/uploads\/1000061353-336x420.jpg 336w, https:\/\/tacuarembo.gub.uy\/wp-content\/uploads\/1000061353-768x960.jpg 768w\" sizes=\"auto, (max-width: 1080px) 100vw, 1080px\" \/><\/figure>\n","protected":false},"excerpt":{"rendered":"<p>Fue presentado oficialmente el afiche que identificar\u00e1 la 39\u00aa edici\u00f3n de la Fiesta de la Patria Gaucha, que se desarrollar\u00e1 del 7 al 15 de marzo en la Laguna de las Lavanderas, en Tacuaremb\u00f3<\/p>\n","protected":false},"author":3,"featured_media":34954,"comment_status":"closed","ping_status":"closed","sticky":false,"template":"","format":"standard","meta":{"_eb_attr":"","footnotes":""},"categories":[18,16],"tags":[],"class_list":{"0":"post-34953","1":"post","2":"type-post","3":"status-publish","4":"format-standard","5":"has-post-thumbnail","7":"category-cultura","8":"category-noticias"},"_links":{"self":[{"href":"https:\/\/tacuarembo.gub.uy\/index.php?rest_route=\/wp\/v2\/posts\/34953","targetHints":{"allow":["GET"]}}],"collection":[{"href":"https:\/\/tacuarembo.gub.uy\/index.php?rest_route=\/wp\/v2\/posts"}],"about":[{"href":"https:\/\/tacuarembo.gub.uy\/index.php?rest_route=\/wp\/v2\/types\/post"}],"author":[{"embeddable":true,"href":"https:\/\/tacuarembo.gub.uy\/index.php?rest_route=\/wp\/v2\/users\/3"}],"replies":[{"embeddable":true,"href":"https:\/\/tacuarembo.gub.uy\/index.php?rest_route=%2Fwp%2Fv2%2Fcomments&post=34953"}],"version-history":[{"count":2,"href":"https:\/\/tacuarembo.gub.uy\/index.php?rest_route=\/wp\/v2\/posts\/34953\/revisions"}],"predecessor-version":[{"id":34957,"href":"https:\/\/tacuarembo.gub.uy\/index.php?rest_route=\/wp\/v2\/posts\/34953\/revisions\/34957"}],"wp:featuredmedia":[{"embeddable":true,"href":"https:\/\/tacuarembo.gub.uy\/index.php?rest_route=\/wp\/v2\/media\/34954"}],"wp:attachment":[{"href":"https:\/\/tacuarembo.gub.uy\/index.php?rest_route=%2Fwp%2Fv2%2Fmedia&parent=34953"}],"wp:term":[{"taxonomy":"category","embeddable":true,"href":"https:\/\/tacuarembo.gub.uy\/index.php?rest_route=%2Fwp%2Fv2%2Fcategories&post=34953"},{"taxonomy":"post_tag","embeddable":true,"href":"https:\/\/tacuarembo.gub.uy\/index.php?rest_route=%2Fwp%2Fv2%2Ftags&post=34953"}],"curies":[{"name":"wp","href":"https:\/\/api.w.org\/{rel}","templated":true}]}}