{"id":34927,"date":"2026-01-13T15:43:33","date_gmt":"2026-01-13T18:43:33","guid":{"rendered":"https:\/\/tacuarembo.gub.uy\/?p=34927"},"modified":"2026-01-13T15:43:36","modified_gmt":"2026-01-13T18:43:36","slug":"la-intendencia-de-tacuarembo-premio-a-los-ganadores-de-la-decima-edicion-del-concurso-literario-tomas-de-mattos","status":"publish","type":"post","link":"https:\/\/tacuarembo.gub.uy\/?p=34927","title":{"rendered":"La Intendencia de Tacuaremb\u00f3 premi\u00f3 a los ganadores de la d\u00e9cima edici\u00f3n del Concurso Literario Tom\u00e1s de Mattos"},"content":{"rendered":"\n<p>En una ceremonia celebrada en la sala de sesiones de la intendencia, se entregaron los premios a los j\u00f3venes galardonados en el prestigioso certamen de alcance nacional. <\/p>\n\n\n\n<p>Con m\u00e1s de 100 trabajos presentados, el concurso reafirma su vigencia como un espacio fundamental para la promoci\u00f3n de la literatura entre la juventud de todo el Pa\u00eds. El evento cont\u00f3 con la presencia de autoridades departamentales, familiares y amigos de los premiados. <\/p>\n\n\n\n<p>El secretario general de la intendencia, Dr. Jos\u00e9 Omar Men\u00e9ndez, destac\u00f3 la alta participaci\u00f3n como una muestra del inter\u00e9s de los j\u00f3venes en la escritura y agradeci\u00f3 el esfuerzo de todos los concursantes. \u00abEs un reconocimiento a todos por el esfuerzo, a los que han sido premiados, pero tambi\u00e9n un reconocimiento muy especial a todos aquellos que se han presentado al concurso, demostrando inter\u00e9s en que se conozca su trabajo\u00bb, expres\u00f3 Men\u00e9ndez, quien tambi\u00e9n reconoci\u00f3 la ardua labor del jurado. <\/p>\n\n\n\n<p>Por su parte, la directora de Juventud, Cynthia Costabel, celebr\u00f3 la continuidad del concurso a trav\u00e9s de diferentes administraciones. \u00abEste concurso ha trascendido diferentes gobiernos\u00bb, afirm\u00f3, agradeciendo el apoyo del intendente Wilson Ezquerra y del secretario general por seguir impulsando estas pol\u00edticas. <\/p>\n\n\n\n<p>Costabel enfatiz\u00f3 la importancia de que los j\u00f3venes puedan expresarse a trav\u00e9s de la escritura y felicit\u00f3 especialmente a los ganadores del departamento de Tacuaremb\u00f3, algunos de tan solo 14 a\u00f1os, destacando que \u00abTacuaremb\u00f3 sigue siendo tierra de talentos, tierra de artistas\u00bb. Durante la ceremonia, se anunci\u00f3 que la und\u00e9cima edici\u00f3n del concurso ser\u00e1 lanzada en el corriente a\u00f1o 2026, renovando la invitaci\u00f3n a que m\u00e1s j\u00f3venes de todo el Uruguay compartan sus pensamientos y sue\u00f1os a trav\u00e9s de la literatura. <\/p>\n\n\n\n<p>A continuaci\u00f3n, se detallan los ganadores de la d\u00e9cima edici\u00f3n en sus diferentes cstegor\u00edas:<\/p>\n\n\n\n<p><strong>G\u00e9nero Poema<\/strong><\/p>\n\n\n\n<p>\u2022Primer Premio (Segunda Categor\u00eda): Ailin Curbelo Cabrera<\/p>\n\n\n\n<p>\u2022Menci\u00f3n: Victoria Regueira Renna<\/p>\n\n\n\n<p><strong>Narrativo<\/strong><\/p>\n\n\n\n<p>\u2022Primer Premio (Primera categor\u00eda, compartido):<\/p>\n\n\n\n<p>Alicia Madalena Da Rosa Mouton &amp; Laureano Miguel Suarez Nu\u00f1ez de Moraes<\/p>\n\n\n\n<p>\u2022Primer Premio (Segunda Categor\u00eda):<\/p>\n\n\n\n<p>Rodrigo Cuello Devitta<\/p>\n\n\n\n<p>\u2022Menci\u00f3n (Segunda Categor\u00eda): Valentina Echeveste Ferreira<\/p>\n\n\n\n<div class=\"wp-block-image-gallery-block-image-gallery-block\"><div class=\"eb-parent-wrapper eb-parent-eb-image-gallery-2xa0n \"><div class=\"eb-gallery-img-wrapper eb-image-gallery-2xa0n grid overlay-bottom caption-style-0   no-isotope \" data-id=\"eb-image-gallery-2xa0n\"><a href=\"https:\/\/tacuarembo.gub.uy\/wp-content\/uploads\/WhatsApp-Image-2026-01-13-at-15.34.0019.jpeg\" rel=\"noopener\" data-fslightbox=\"gallery\" data-type=\"image\" class=\"eb-gallery-img-content eb-filter-img-\"><span class=\"eb-gallery-link-wrapper\"><img decoding=\"async\" class=\"eb-gallery-img\" src=\"https:\/\/tacuarembo.gub.uy\/wp-content\/uploads\/WhatsApp-Image-2026-01-13-at-15.34.0019.jpeg\" image-index=\"0\" alt=\"\"\/><\/span><\/a><a href=\"https:\/\/tacuarembo.gub.uy\/wp-content\/uploads\/WhatsApp-Image-2026-01-13-at-15.34.0018.jpeg\" rel=\"noopener\" data-fslightbox=\"gallery\" data-type=\"image\" class=\"eb-gallery-img-content eb-filter-img-\"><span class=\"eb-gallery-link-wrapper\"><img decoding=\"async\" class=\"eb-gallery-img\" src=\"https:\/\/tacuarembo.gub.uy\/wp-content\/uploads\/WhatsApp-Image-2026-01-13-at-15.34.0018.jpeg\" image-index=\"1\" alt=\"\"\/><\/span><\/a><a href=\"https:\/\/tacuarembo.gub.uy\/wp-content\/uploads\/WhatsApp-Image-2026-01-13-at-15.34.0017.jpeg\" rel=\"noopener\" data-fslightbox=\"gallery\" data-type=\"image\" class=\"eb-gallery-img-content eb-filter-img-\"><span class=\"eb-gallery-link-wrapper\"><img decoding=\"async\" class=\"eb-gallery-img\" src=\"https:\/\/tacuarembo.gub.uy\/wp-content\/uploads\/WhatsApp-Image-2026-01-13-at-15.34.0017.jpeg\" image-index=\"2\" alt=\"\"\/><\/span><\/a><a href=\"https:\/\/tacuarembo.gub.uy\/wp-content\/uploads\/WhatsApp-Image-2026-01-13-at-15.34.0016.jpeg\" rel=\"noopener\" data-fslightbox=\"gallery\" data-type=\"image\" class=\"eb-gallery-img-content eb-filter-img-\"><span class=\"eb-gallery-link-wrapper\"><img decoding=\"async\" class=\"eb-gallery-img\" src=\"https:\/\/tacuarembo.gub.uy\/wp-content\/uploads\/WhatsApp-Image-2026-01-13-at-15.34.0016.jpeg\" image-index=\"3\" alt=\"\"\/><\/span><\/a><a href=\"https:\/\/tacuarembo.gub.uy\/wp-content\/uploads\/WhatsApp-Image-2026-01-13-at-15.34.0015.jpeg\" rel=\"noopener\" data-fslightbox=\"gallery\" data-type=\"image\" class=\"eb-gallery-img-content eb-filter-img-\"><span class=\"eb-gallery-link-wrapper\"><img decoding=\"async\" class=\"eb-gallery-img\" src=\"https:\/\/tacuarembo.gub.uy\/wp-content\/uploads\/WhatsApp-Image-2026-01-13-at-15.34.0015.jpeg\" image-index=\"4\" alt=\"\"\/><\/span><\/a><a href=\"https:\/\/tacuarembo.gub.uy\/wp-content\/uploads\/WhatsApp-Image-2026-01-13-at-15.34.0014.jpeg\" rel=\"noopener\" data-fslightbox=\"gallery\" data-type=\"image\" class=\"eb-gallery-img-content eb-filter-img-\"><span class=\"eb-gallery-link-wrapper\"><img decoding=\"async\" class=\"eb-gallery-img\" src=\"https:\/\/tacuarembo.gub.uy\/wp-content\/uploads\/WhatsApp-Image-2026-01-13-at-15.34.0014.jpeg\" image-index=\"5\" alt=\"\"\/><\/span><\/a><a href=\"https:\/\/tacuarembo.gub.uy\/wp-content\/uploads\/WhatsApp-Image-2026-01-13-at-15.34.0013.jpeg\" rel=\"noopener\" data-fslightbox=\"gallery\" data-type=\"image\" class=\"eb-gallery-img-content eb-filter-img-\"><span class=\"eb-gallery-link-wrapper\"><img decoding=\"async\" class=\"eb-gallery-img\" src=\"https:\/\/tacuarembo.gub.uy\/wp-content\/uploads\/WhatsApp-Image-2026-01-13-at-15.34.0013.jpeg\" image-index=\"6\" alt=\"\"\/><\/span><\/a><a href=\"https:\/\/tacuarembo.gub.uy\/wp-content\/uploads\/WhatsApp-Image-2026-01-13-at-15.34.0012.jpeg\" rel=\"noopener\" data-fslightbox=\"gallery\" data-type=\"image\" class=\"eb-gallery-img-content eb-filter-img-\"><span class=\"eb-gallery-link-wrapper\"><img decoding=\"async\" class=\"eb-gallery-img\" src=\"https:\/\/tacuarembo.gub.uy\/wp-content\/uploads\/WhatsApp-Image-2026-01-13-at-15.34.0012.jpeg\" image-index=\"7\" alt=\"\"\/><\/span><\/a><a href=\"https:\/\/tacuarembo.gub.uy\/wp-content\/uploads\/WhatsApp-Image-2026-01-13-at-15.34.0011.jpeg\" rel=\"noopener\" data-fslightbox=\"gallery\" data-type=\"image\" class=\"eb-gallery-img-content eb-filter-img-\"><span class=\"eb-gallery-link-wrapper\"><img decoding=\"async\" class=\"eb-gallery-img\" src=\"https:\/\/tacuarembo.gub.uy\/wp-content\/uploads\/WhatsApp-Image-2026-01-13-at-15.34.0011.jpeg\" image-index=\"8\" alt=\"\"\/><\/span><\/a><a href=\"https:\/\/tacuarembo.gub.uy\/wp-content\/uploads\/WhatsApp-Image-2026-01-13-at-15.34.0010.jpeg\" rel=\"noopener\" data-fslightbox=\"gallery\" data-type=\"image\" class=\"eb-gallery-img-content eb-filter-img-\"><span class=\"eb-gallery-link-wrapper\"><img decoding=\"async\" class=\"eb-gallery-img\" src=\"https:\/\/tacuarembo.gub.uy\/wp-content\/uploads\/WhatsApp-Image-2026-01-13-at-15.34.0010.jpeg\" image-index=\"9\" alt=\"\"\/><\/span><\/a><a href=\"https:\/\/tacuarembo.gub.uy\/wp-content\/uploads\/WhatsApp-Image-2026-01-13-at-15.34.009.jpeg\" rel=\"noopener\" data-fslightbox=\"gallery\" data-type=\"image\" class=\"eb-gallery-img-content eb-filter-img-\"><span class=\"eb-gallery-link-wrapper\"><img decoding=\"async\" class=\"eb-gallery-img\" src=\"https:\/\/tacuarembo.gub.uy\/wp-content\/uploads\/WhatsApp-Image-2026-01-13-at-15.34.009.jpeg\" image-index=\"10\" alt=\"\"\/><\/span><\/a><a href=\"https:\/\/tacuarembo.gub.uy\/wp-content\/uploads\/WhatsApp-Image-2026-01-13-at-15.34.008.jpeg\" rel=\"noopener\" data-fslightbox=\"gallery\" data-type=\"image\" class=\"eb-gallery-img-content eb-filter-img-\"><span class=\"eb-gallery-link-wrapper\"><img decoding=\"async\" class=\"eb-gallery-img\" src=\"https:\/\/tacuarembo.gub.uy\/wp-content\/uploads\/WhatsApp-Image-2026-01-13-at-15.34.008.jpeg\" image-index=\"11\" alt=\"\"\/><\/span><\/a><a href=\"https:\/\/tacuarembo.gub.uy\/wp-content\/uploads\/WhatsApp-Image-2026-01-13-at-15.34.007.jpeg\" rel=\"noopener\" data-fslightbox=\"gallery\" data-type=\"image\" class=\"eb-gallery-img-content eb-filter-img-\"><span class=\"eb-gallery-link-wrapper\"><img decoding=\"async\" class=\"eb-gallery-img\" src=\"https:\/\/tacuarembo.gub.uy\/wp-content\/uploads\/WhatsApp-Image-2026-01-13-at-15.34.007.jpeg\" image-index=\"12\" alt=\"\"\/><\/span><\/a><a href=\"https:\/\/tacuarembo.gub.uy\/wp-content\/uploads\/WhatsApp-Image-2026-01-13-at-15.34.006.jpeg\" rel=\"noopener\" data-fslightbox=\"gallery\" data-type=\"image\" class=\"eb-gallery-img-content eb-filter-img-\"><span class=\"eb-gallery-link-wrapper\"><img decoding=\"async\" class=\"eb-gallery-img\" src=\"https:\/\/tacuarembo.gub.uy\/wp-content\/uploads\/WhatsApp-Image-2026-01-13-at-15.34.006.jpeg\" image-index=\"13\" alt=\"\"\/><\/span><\/a><a href=\"https:\/\/tacuarembo.gub.uy\/wp-content\/uploads\/WhatsApp-Image-2026-01-13-at-15.34.005.jpeg\" rel=\"noopener\" data-fslightbox=\"gallery\" data-type=\"image\" class=\"eb-gallery-img-content eb-filter-img-\"><span class=\"eb-gallery-link-wrapper\"><img decoding=\"async\" class=\"eb-gallery-img\" src=\"https:\/\/tacuarembo.gub.uy\/wp-content\/uploads\/WhatsApp-Image-2026-01-13-at-15.34.005.jpeg\" image-index=\"14\" alt=\"\"\/><\/span><\/a><a href=\"https:\/\/tacuarembo.gub.uy\/wp-content\/uploads\/WhatsApp-Image-2026-01-13-at-15.34.004.jpeg\" rel=\"noopener\" data-fslightbox=\"gallery\" data-type=\"image\" class=\"eb-gallery-img-content eb-filter-img-\"><span class=\"eb-gallery-link-wrapper\"><img decoding=\"async\" class=\"eb-gallery-img\" src=\"https:\/\/tacuarembo.gub.uy\/wp-content\/uploads\/WhatsApp-Image-2026-01-13-at-15.34.004.jpeg\" image-index=\"15\" alt=\"\"\/><\/span><\/a><a href=\"https:\/\/tacuarembo.gub.uy\/wp-content\/uploads\/WhatsApp-Image-2026-01-13-at-15.34.003.jpeg\" rel=\"noopener\" data-fslightbox=\"gallery\" data-type=\"image\" class=\"eb-gallery-img-content eb-filter-img-\"><span class=\"eb-gallery-link-wrapper\"><img decoding=\"async\" class=\"eb-gallery-img\" src=\"https:\/\/tacuarembo.gub.uy\/wp-content\/uploads\/WhatsApp-Image-2026-01-13-at-15.34.003.jpeg\" image-index=\"16\" alt=\"\"\/><\/span><\/a><a href=\"https:\/\/tacuarembo.gub.uy\/wp-content\/uploads\/WhatsApp-Image-2026-01-13-at-15.34.002.jpeg\" rel=\"noopener\" data-fslightbox=\"gallery\" data-type=\"image\" class=\"eb-gallery-img-content eb-filter-img-\"><span class=\"eb-gallery-link-wrapper\"><img decoding=\"async\" class=\"eb-gallery-img\" src=\"https:\/\/tacuarembo.gub.uy\/wp-content\/uploads\/WhatsApp-Image-2026-01-13-at-15.34.002.jpeg\" image-index=\"17\" alt=\"\"\/><\/span><\/a><a href=\"https:\/\/tacuarembo.gub.uy\/wp-content\/uploads\/WhatsApp-Image-2026-01-13-at-15.34.001.jpeg\" rel=\"noopener\" data-fslightbox=\"gallery\" data-type=\"image\" class=\"eb-gallery-img-content eb-filter-img-\"><span class=\"eb-gallery-link-wrapper\"><img decoding=\"async\" class=\"eb-gallery-img\" src=\"https:\/\/tacuarembo.gub.uy\/wp-content\/uploads\/WhatsApp-Image-2026-01-13-at-15.34.001.jpeg\" image-index=\"18\" alt=\"\"\/><\/span><\/a><a href=\"https:\/\/tacuarembo.gub.uy\/wp-content\/uploads\/WhatsApp-Image-2026-01-13-at-15.34.00.jpeg\" rel=\"noopener\" data-fslightbox=\"gallery\" data-type=\"image\" class=\"eb-gallery-img-content eb-filter-img-\"><span class=\"eb-gallery-link-wrapper\"><img decoding=\"async\" class=\"eb-gallery-img\" src=\"https:\/\/tacuarembo.gub.uy\/wp-content\/uploads\/WhatsApp-Image-2026-01-13-at-15.34.00.jpeg\" image-index=\"19\" alt=\"\"\/><\/span><\/a><a href=\"https:\/\/tacuarembo.gub.uy\/wp-content\/uploads\/WhatsApp-Image-2026-01-13-at-15.33.59.jpeg\" rel=\"noopener\" data-fslightbox=\"gallery\" data-type=\"image\" class=\"eb-gallery-img-content eb-filter-img-\"><span class=\"eb-gallery-link-wrapper\"><img decoding=\"async\" class=\"eb-gallery-img\" src=\"https:\/\/tacuarembo.gub.uy\/wp-content\/uploads\/WhatsApp-Image-2026-01-13-at-15.33.59.jpeg\" image-index=\"20\" alt=\"\"\/><\/span><\/a><\/div><\/div><\/div>\n","protected":false},"excerpt":{"rendered":"<p>En una ceremonia celebrada en la sala de sesiones de la intendencia, se entregaron los premios a los j\u00f3venes galardonados en el prestigioso certamen de alcance nacional<\/p>\n","protected":false},"author":3,"featured_media":34935,"comment_status":"closed","ping_status":"closed","sticky":false,"template":"","format":"standard","meta":{"_eb_attr":"","footnotes":""},"categories":[18,32,16],"tags":[],"class_list":{"0":"post-34927","1":"post","2":"type-post","3":"status-publish","4":"format-standard","5":"has-post-thumbnail","7":"category-cultura","8":"category-juventud","9":"category-noticias"},"_links":{"self":[{"href":"https:\/\/tacuarembo.gub.uy\/index.php?rest_route=\/wp\/v2\/posts\/34927","targetHints":{"allow":["GET"]}}],"collection":[{"href":"https:\/\/tacuarembo.gub.uy\/index.php?rest_route=\/wp\/v2\/posts"}],"about":[{"href":"https:\/\/tacuarembo.gub.uy\/index.php?rest_route=\/wp\/v2\/types\/post"}],"author":[{"embeddable":true,"href":"https:\/\/tacuarembo.gub.uy\/index.php?rest_route=\/wp\/v2\/users\/3"}],"replies":[{"embeddable":true,"href":"https:\/\/tacuarembo.gub.uy\/index.php?rest_route=%2Fwp%2Fv2%2Fcomments&post=34927"}],"version-history":[{"count":1,"href":"https:\/\/tacuarembo.gub.uy\/index.php?rest_route=\/wp\/v2\/posts\/34927\/revisions"}],"predecessor-version":[{"id":34949,"href":"https:\/\/tacuarembo.gub.uy\/index.php?rest_route=\/wp\/v2\/posts\/34927\/revisions\/34949"}],"wp:featuredmedia":[{"embeddable":true,"href":"https:\/\/tacuarembo.gub.uy\/index.php?rest_route=\/wp\/v2\/media\/34935"}],"wp:attachment":[{"href":"https:\/\/tacuarembo.gub.uy\/index.php?rest_route=%2Fwp%2Fv2%2Fmedia&parent=34927"}],"wp:term":[{"taxonomy":"category","embeddable":true,"href":"https:\/\/tacuarembo.gub.uy\/index.php?rest_route=%2Fwp%2Fv2%2Fcategories&post=34927"},{"taxonomy":"post_tag","embeddable":true,"href":"https:\/\/tacuarembo.gub.uy\/index.php?rest_route=%2Fwp%2Fv2%2Ftags&post=34927"}],"curies":[{"name":"wp","href":"https:\/\/api.w.org\/{rel}","templated":true}]}}