{"id":3476,"date":"2019-06-28T20:21:41","date_gmt":"2019-06-28T20:21:41","guid":{"rendered":"https:\/\/tacuarembo.gub.uy\/?p=3476"},"modified":"2019-06-28T20:21:41","modified_gmt":"2019-06-28T20:21:41","slug":"plan-gardel-atiende-el-martes-2","status":"publish","type":"post","link":"https:\/\/tacuarembo.gub.uy\/?p=3476","title":{"rendered":"Plan Gardel atiende el martes 2"},"content":{"rendered":"\n<p>La\nIntendencia de Tacuaremb\u00f3 a trav\u00e9s de la Direcci\u00f3n de Desarrollo Social informa\nque las inscripciones para colaboraciones habitacionales realizadas en el marco\ndel Plan Gardel se atendr\u00e1n esta semana, el martes 2 de julio.<\/p>\n","protected":false},"excerpt":{"rendered":"<p>La Intendencia de Tacuaremb\u00f3 a trav\u00e9s de la Direcci\u00f3n de Desarrollo Social informa que las inscripciones para colaboraciones habitacionales realizadas en el marco del Plan Gardel se atendr\u00e1n esta semana, el martes 2 de julio.<\/p>\n","protected":false},"author":3,"featured_media":3414,"comment_status":"open","ping_status":"open","sticky":false,"template":"","format":"standard","meta":{"_eb_attr":"","footnotes":""},"categories":[16],"tags":[],"class_list":{"0":"post-3476","1":"post","2":"type-post","3":"status-publish","4":"format-standard","5":"has-post-thumbnail","7":"category-noticias"},"_links":{"self":[{"href":"https:\/\/tacuarembo.gub.uy\/index.php?rest_route=\/wp\/v2\/posts\/3476","targetHints":{"allow":["GET"]}}],"collection":[{"href":"https:\/\/tacuarembo.gub.uy\/index.php?rest_route=\/wp\/v2\/posts"}],"about":[{"href":"https:\/\/tacuarembo.gub.uy\/index.php?rest_route=\/wp\/v2\/types\/post"}],"author":[{"embeddable":true,"href":"https:\/\/tacuarembo.gub.uy\/index.php?rest_route=\/wp\/v2\/users\/3"}],"replies":[{"embeddable":true,"href":"https:\/\/tacuarembo.gub.uy\/index.php?rest_route=%2Fwp%2Fv2%2Fcomments&post=3476"}],"version-history":[{"count":1,"href":"https:\/\/tacuarembo.gub.uy\/index.php?rest_route=\/wp\/v2\/posts\/3476\/revisions"}],"predecessor-version":[{"id":3477,"href":"https:\/\/tacuarembo.gub.uy\/index.php?rest_route=\/wp\/v2\/posts\/3476\/revisions\/3477"}],"wp:featuredmedia":[{"embeddable":true,"href":"https:\/\/tacuarembo.gub.uy\/index.php?rest_route=\/wp\/v2\/media\/3414"}],"wp:attachment":[{"href":"https:\/\/tacuarembo.gub.uy\/index.php?rest_route=%2Fwp%2Fv2%2Fmedia&parent=3476"}],"wp:term":[{"taxonomy":"category","embeddable":true,"href":"https:\/\/tacuarembo.gub.uy\/index.php?rest_route=%2Fwp%2Fv2%2Fcategories&post=3476"},{"taxonomy":"post_tag","embeddable":true,"href":"https:\/\/tacuarembo.gub.uy\/index.php?rest_route=%2Fwp%2Fv2%2Ftags&post=3476"}],"curies":[{"name":"wp","href":"https:\/\/api.w.org\/{rel}","templated":true}]}}