{"id":3466,"date":"2019-06-28T14:39:22","date_gmt":"2019-06-28T14:39:22","guid":{"rendered":"https:\/\/tacuarembo.gub.uy\/?p=3466"},"modified":"2019-06-28T14:39:22","modified_gmt":"2019-06-28T14:39:22","slug":"intendencia-1o-de-julio-sin-atencion-al-publico","status":"publish","type":"post","link":"https:\/\/tacuarembo.gub.uy\/?p=3466","title":{"rendered":"Intendencia \u2013 1\u00ba de julio sin atenci\u00f3n al p\u00fablico"},"content":{"rendered":"\n<p>Por Resoluci\u00f3n N\u00ba 1283\/2019, de acuerdo a la realizaci\u00f3n\nde las Elecciones Internas en la Rep\u00fablica Oriental del Uruguay este pr\u00f3ximo\ndomingo 30 de junio de 2019; de acuerdo a que el Ejecutivo Departamental se\nadhiere a las mismas otorgando a sus funcionarios asueto el d\u00eda siguiente a\nla elecci\u00f3n; Considerando: I) que distintas dependencias Municipales del\ndepartamento se utilizar\u00e1n para la instalaci\u00f3n de Mesas Receptoras de Votos y\nmuchos funcionarios departamentales han sido designados para integrar las mesas\nreceptoras de votos; II) que asimismo gran parte de los veh\u00edculos municipales y\nsus respectivos choferes, trabajan incluso hasta altas horas de la noche; III)\nque sumado a todo ello, se debe contar con tiempo suficiente para volver las\ncosas al estado normal del funcionamiento de las oficinas afectas. El\nIntendente de Tacuaremb\u00f3 Resuelve: 1\u00ba) Declarar ASUETO MUNICIPAL, el lunes 1\u00ba\nde julio de 2019, d\u00eda siguiente a la realizaci\u00f3n de la \u201cElecci\u00f3n Internas\n2019\u201d, 2\u00ba) Se mantendr\u00e1n los servicios esenciales incluido Direcci\u00f3n General de\nObras, limpieza, necr\u00f3polis, recolecci\u00f3n de residuos y barrido de calles.<\/p>\n","protected":false},"excerpt":{"rendered":"<p>Por Resoluci\u00f3n N\u00ba 1283\/2019, de acuerdo a la realizaci\u00f3n de las Elecciones Internas en la Rep\u00fablica Oriental del Uruguay este pr\u00f3ximo domingo 30 de junio de 2019; de acuerdo a que el Ejecutivo Departamental se adhiere a las mismas otorgando a sus funcionarios asueto el d\u00eda siguiente a la elecci\u00f3n<\/p>\n","protected":false},"author":3,"featured_media":3467,"comment_status":"open","ping_status":"open","sticky":false,"template":"","format":"standard","meta":{"_eb_attr":"","footnotes":""},"categories":[16],"tags":[],"class_list":{"0":"post-3466","1":"post","2":"type-post","3":"status-publish","4":"format-standard","5":"has-post-thumbnail","7":"category-noticias"},"_links":{"self":[{"href":"https:\/\/tacuarembo.gub.uy\/index.php?rest_route=\/wp\/v2\/posts\/3466","targetHints":{"allow":["GET"]}}],"collection":[{"href":"https:\/\/tacuarembo.gub.uy\/index.php?rest_route=\/wp\/v2\/posts"}],"about":[{"href":"https:\/\/tacuarembo.gub.uy\/index.php?rest_route=\/wp\/v2\/types\/post"}],"author":[{"embeddable":true,"href":"https:\/\/tacuarembo.gub.uy\/index.php?rest_route=\/wp\/v2\/users\/3"}],"replies":[{"embeddable":true,"href":"https:\/\/tacuarembo.gub.uy\/index.php?rest_route=%2Fwp%2Fv2%2Fcomments&post=3466"}],"version-history":[{"count":1,"href":"https:\/\/tacuarembo.gub.uy\/index.php?rest_route=\/wp\/v2\/posts\/3466\/revisions"}],"predecessor-version":[{"id":3468,"href":"https:\/\/tacuarembo.gub.uy\/index.php?rest_route=\/wp\/v2\/posts\/3466\/revisions\/3468"}],"wp:featuredmedia":[{"embeddable":true,"href":"https:\/\/tacuarembo.gub.uy\/index.php?rest_route=\/wp\/v2\/media\/3467"}],"wp:attachment":[{"href":"https:\/\/tacuarembo.gub.uy\/index.php?rest_route=%2Fwp%2Fv2%2Fmedia&parent=3466"}],"wp:term":[{"taxonomy":"category","embeddable":true,"href":"https:\/\/tacuarembo.gub.uy\/index.php?rest_route=%2Fwp%2Fv2%2Fcategories&post=3466"},{"taxonomy":"post_tag","embeddable":true,"href":"https:\/\/tacuarembo.gub.uy\/index.php?rest_route=%2Fwp%2Fv2%2Ftags&post=3466"}],"curies":[{"name":"wp","href":"https:\/\/api.w.org\/{rel}","templated":true}]}}