{"id":3455,"date":"2019-06-26T22:38:27","date_gmt":"2019-06-26T22:38:27","guid":{"rendered":"https:\/\/tacuarembo.gub.uy\/?p=3455"},"modified":"2019-06-27T11:25:13","modified_gmt":"2019-06-27T11:25:13","slug":"habilitacion-alumbrado-publico","status":"publish","type":"post","link":"https:\/\/tacuarembo.gub.uy\/?p=3455","title":{"rendered":"Habilitaci\u00f3n Alumbrado P\u00fablico"},"content":{"rendered":"\n<p>La Intendencia de Tacuaremb\u00f3, este pr\u00f3ximo viernes 28 de junio a las 19:00 horas en calles Celedonio Rojas y Miguel Mart\u00ednez, Barrio Etcheverry, habilitar\u00e1 el servicio de Alumbrado P\u00fablico, 250 luminarias Led de 80 Wats abarcando un total de 87 manzanas, con la participaci\u00f3n del Se\u00f1or Intendente Dr. Eber da Rosa.<\/p>\n","protected":false},"excerpt":{"rendered":"<p>La Intendencia de Tacuaremb\u00f3, este pr\u00f3ximo viernes 28 de junio a las 19:00 horas en calles Celedonio Rojas y Miguel Mart\u00ednez, Barrio Etcheverry, habilitar\u00e1 el servicio de Alumbrado P\u00fablico, 250 luminarias Led de 80 Wats abarcando un total de 87 manzanas, con la participaci\u00f3n del Se\u00f1or Intendente Dr. Eber da Rosa.<\/p>\n","protected":false},"author":3,"featured_media":3456,"comment_status":"open","ping_status":"open","sticky":false,"template":"","format":"standard","meta":{"_eb_attr":"","footnotes":""},"categories":[16],"tags":[],"class_list":{"0":"post-3455","1":"post","2":"type-post","3":"status-publish","4":"format-standard","5":"has-post-thumbnail","7":"category-noticias"},"_links":{"self":[{"href":"https:\/\/tacuarembo.gub.uy\/index.php?rest_route=\/wp\/v2\/posts\/3455","targetHints":{"allow":["GET"]}}],"collection":[{"href":"https:\/\/tacuarembo.gub.uy\/index.php?rest_route=\/wp\/v2\/posts"}],"about":[{"href":"https:\/\/tacuarembo.gub.uy\/index.php?rest_route=\/wp\/v2\/types\/post"}],"author":[{"embeddable":true,"href":"https:\/\/tacuarembo.gub.uy\/index.php?rest_route=\/wp\/v2\/users\/3"}],"replies":[{"embeddable":true,"href":"https:\/\/tacuarembo.gub.uy\/index.php?rest_route=%2Fwp%2Fv2%2Fcomments&post=3455"}],"version-history":[{"count":3,"href":"https:\/\/tacuarembo.gub.uy\/index.php?rest_route=\/wp\/v2\/posts\/3455\/revisions"}],"predecessor-version":[{"id":3465,"href":"https:\/\/tacuarembo.gub.uy\/index.php?rest_route=\/wp\/v2\/posts\/3455\/revisions\/3465"}],"wp:featuredmedia":[{"embeddable":true,"href":"https:\/\/tacuarembo.gub.uy\/index.php?rest_route=\/wp\/v2\/media\/3456"}],"wp:attachment":[{"href":"https:\/\/tacuarembo.gub.uy\/index.php?rest_route=%2Fwp%2Fv2%2Fmedia&parent=3455"}],"wp:term":[{"taxonomy":"category","embeddable":true,"href":"https:\/\/tacuarembo.gub.uy\/index.php?rest_route=%2Fwp%2Fv2%2Fcategories&post=3455"},{"taxonomy":"post_tag","embeddable":true,"href":"https:\/\/tacuarembo.gub.uy\/index.php?rest_route=%2Fwp%2Fv2%2Ftags&post=3455"}],"curies":[{"name":"wp","href":"https:\/\/api.w.org\/{rel}","templated":true}]}}