{"id":3449,"date":"2019-06-25T22:30:43","date_gmt":"2019-06-25T22:30:43","guid":{"rendered":"https:\/\/tacuarembo.gub.uy\/?p=3449"},"modified":"2019-06-25T22:32:56","modified_gmt":"2019-06-25T22:32:56","slug":"campeonato-nacional-de-karate","status":"publish","type":"post","link":"https:\/\/tacuarembo.gub.uy\/?p=3449","title":{"rendered":"Campeonato Nacional de Karate"},"content":{"rendered":"\n<p>Los pr\u00f3ximos 27 y 28 de julio se llevar\u00e1 a cabo, en Polideportivo Tacuaremb\u00f3, el Campeonato Nacional de Categor\u00edas Profesionales, 2\u00aa Fecha del Campeonato Nacional de Karate y 3er. Fecha Ranqueable, la que fue declarada de Inter\u00e9s Departamental por la Intendencia de Tacuaremb\u00f3.<\/p>\n\n\n<p><img loading=\"lazy\" decoding=\"async\" class=\"alignnone wp-image-3450 size-full\" src=\"https:\/\/tacuarembo.gub.uy\/wp-content\/uploads\/WhatsApp-Image-2019-06-25-at-16.38.12.jpeg\" alt=\"\" width=\"1013\" height=\"1280\" srcset=\"https:\/\/tacuarembo.gub.uy\/wp-content\/uploads\/WhatsApp-Image-2019-06-25-at-16.38.12.jpeg 1013w, https:\/\/tacuarembo.gub.uy\/wp-content\/uploads\/WhatsApp-Image-2019-06-25-at-16.38.12-768x970.jpeg 768w\" sizes=\"auto, (max-width: 1013px) 100vw, 1013px\" \/><\/p>","protected":false},"excerpt":{"rendered":"<p>Los pr\u00f3ximos 27 y 28 de julio se llevar\u00e1 a cabo, en Polideportivo Tacuaremb\u00f3, el Campeonato Nacional de Categor\u00edas Profesionales, 2\u00aa Fecha del Campeonato Nacional de Karate y 3er. Fecha Ranqueable, la que fue declarada de Inter\u00e9s Departamental por la Intendencia de Tacuaremb\u00f3.<\/p>\n","protected":false},"author":3,"featured_media":3450,"comment_status":"open","ping_status":"open","sticky":false,"template":"","format":"standard","meta":{"_eb_attr":"","footnotes":""},"categories":[16],"tags":[],"class_list":{"0":"post-3449","1":"post","2":"type-post","3":"status-publish","4":"format-standard","5":"has-post-thumbnail","7":"category-noticias"},"_links":{"self":[{"href":"https:\/\/tacuarembo.gub.uy\/index.php?rest_route=\/wp\/v2\/posts\/3449","targetHints":{"allow":["GET"]}}],"collection":[{"href":"https:\/\/tacuarembo.gub.uy\/index.php?rest_route=\/wp\/v2\/posts"}],"about":[{"href":"https:\/\/tacuarembo.gub.uy\/index.php?rest_route=\/wp\/v2\/types\/post"}],"author":[{"embeddable":true,"href":"https:\/\/tacuarembo.gub.uy\/index.php?rest_route=\/wp\/v2\/users\/3"}],"replies":[{"embeddable":true,"href":"https:\/\/tacuarembo.gub.uy\/index.php?rest_route=%2Fwp%2Fv2%2Fcomments&post=3449"}],"version-history":[{"count":4,"href":"https:\/\/tacuarembo.gub.uy\/index.php?rest_route=\/wp\/v2\/posts\/3449\/revisions"}],"predecessor-version":[{"id":3454,"href":"https:\/\/tacuarembo.gub.uy\/index.php?rest_route=\/wp\/v2\/posts\/3449\/revisions\/3454"}],"wp:featuredmedia":[{"embeddable":true,"href":"https:\/\/tacuarembo.gub.uy\/index.php?rest_route=\/wp\/v2\/media\/3450"}],"wp:attachment":[{"href":"https:\/\/tacuarembo.gub.uy\/index.php?rest_route=%2Fwp%2Fv2%2Fmedia&parent=3449"}],"wp:term":[{"taxonomy":"category","embeddable":true,"href":"https:\/\/tacuarembo.gub.uy\/index.php?rest_route=%2Fwp%2Fv2%2Fcategories&post=3449"},{"taxonomy":"post_tag","embeddable":true,"href":"https:\/\/tacuarembo.gub.uy\/index.php?rest_route=%2Fwp%2Fv2%2Ftags&post=3449"}],"curies":[{"name":"wp","href":"https:\/\/api.w.org\/{rel}","templated":true}]}}