{"id":3446,"date":"2019-06-25T22:28:37","date_gmt":"2019-06-25T22:28:37","guid":{"rendered":"https:\/\/tacuarembo.gub.uy\/?p=3446"},"modified":"2019-06-25T22:28:37","modified_gmt":"2019-06-25T22:28:37","slug":"de-interes-cultural-2","status":"publish","type":"post","link":"https:\/\/tacuarembo.gub.uy\/?p=3446","title":{"rendered":"De Inter\u00e9s Cultural"},"content":{"rendered":"\n<p>Seg\u00fan\nResoluci\u00f3n N\u00ba 1251\/2019, de acuerdo al Decreto N\u00ba 31\/19 de la Junta\nDepartamental del 13 del corriente; Art\u00edculo 1\u00ba: Decl\u00e1rase de Inter\u00e9s Cultural\nla \u201c35\u00aa Fiesta de los ni\u00f1os Tob\u00edas Polakof\u201d a realizarse el d\u00eda 11 de agosto\ndel a\u00f1o en curso, en la ciudad de Paso de los Toros, actividad promovida por el\nemprendimiento comercial \u201cSupermercado El Dorado de dicha ciudad; Art\u00edculo 2\u00ba:\nLa presente declaratoria, estar\u00e1 comprendida en la categor\u00eda \u201cC\u201d del Art\u00edculo\n6\u00ba del Decreto31\/15 de este Organismo y tendr\u00e1 validez mientras dure el\nevento.&nbsp; El Intendente de Tacuaremb\u00f3\nResuelve: 1\u00ba) Prom\u00falgase el Decreto N\u00ba 31\/19 de la Junta Departamental de fecha\n13 de Junio de 2019.&nbsp; Dr. Eber da Rosa\nV\u00e1zquez, Intendente de Tacuaremb\u00f3, Dr. Jos\u00e9 Omar Men\u00e9ndez Balsemao, Secretario\nGeneral.<\/p>\n","protected":false},"excerpt":{"rendered":"<p>El Intendente de Tacuaremb\u00f3 Resuelve: 1\u00ba) Prom\u00falgase el Decreto N\u00ba 31\/19 de la Junta Departamental de fecha 13 de Junio de 2019.<\/p>\n","protected":false},"author":3,"featured_media":3447,"comment_status":"open","ping_status":"open","sticky":false,"template":"","format":"standard","meta":{"_eb_attr":"","footnotes":""},"categories":[16],"tags":[],"class_list":{"0":"post-3446","1":"post","2":"type-post","3":"status-publish","4":"format-standard","5":"has-post-thumbnail","7":"category-noticias"},"_links":{"self":[{"href":"https:\/\/tacuarembo.gub.uy\/index.php?rest_route=\/wp\/v2\/posts\/3446","targetHints":{"allow":["GET"]}}],"collection":[{"href":"https:\/\/tacuarembo.gub.uy\/index.php?rest_route=\/wp\/v2\/posts"}],"about":[{"href":"https:\/\/tacuarembo.gub.uy\/index.php?rest_route=\/wp\/v2\/types\/post"}],"author":[{"embeddable":true,"href":"https:\/\/tacuarembo.gub.uy\/index.php?rest_route=\/wp\/v2\/users\/3"}],"replies":[{"embeddable":true,"href":"https:\/\/tacuarembo.gub.uy\/index.php?rest_route=%2Fwp%2Fv2%2Fcomments&post=3446"}],"version-history":[{"count":1,"href":"https:\/\/tacuarembo.gub.uy\/index.php?rest_route=\/wp\/v2\/posts\/3446\/revisions"}],"predecessor-version":[{"id":3448,"href":"https:\/\/tacuarembo.gub.uy\/index.php?rest_route=\/wp\/v2\/posts\/3446\/revisions\/3448"}],"wp:featuredmedia":[{"embeddable":true,"href":"https:\/\/tacuarembo.gub.uy\/index.php?rest_route=\/wp\/v2\/media\/3447"}],"wp:attachment":[{"href":"https:\/\/tacuarembo.gub.uy\/index.php?rest_route=%2Fwp%2Fv2%2Fmedia&parent=3446"}],"wp:term":[{"taxonomy":"category","embeddable":true,"href":"https:\/\/tacuarembo.gub.uy\/index.php?rest_route=%2Fwp%2Fv2%2Fcategories&post=3446"},{"taxonomy":"post_tag","embeddable":true,"href":"https:\/\/tacuarembo.gub.uy\/index.php?rest_route=%2Fwp%2Fv2%2Ftags&post=3446"}],"curies":[{"name":"wp","href":"https:\/\/api.w.org\/{rel}","templated":true}]}}