{"id":34202,"date":"2025-11-24T09:10:27","date_gmt":"2025-11-24T12:10:27","guid":{"rendered":"https:\/\/tacuarembo.gub.uy\/?p=34202"},"modified":"2025-11-24T16:34:40","modified_gmt":"2025-11-24T19:34:40","slug":"lucia-albano-es-la-embajadora-de-la-primavera-de-tacuarembo","status":"publish","type":"post","link":"https:\/\/tacuarembo.gub.uy\/?p=34202","title":{"rendered":"Luc\u00eda Albano es la Embajadora de la Primavera de Tacuaremb\u00f3"},"content":{"rendered":"\n<p>En una noche que combin\u00f3 la frescura de la juventud y el fuerte sentido de pertenencia barrial, Luc\u00eda Albano, representante del Centro de Barrio 3 y el Sal\u00f3n de Barrio San Gabriel, fue coronada como la Embajadora de la Primavera de Tacuaremb\u00f3. <\/p>\n\n\n\n<p>El evento, que tuvo como escenario el Centro de Barrio 2, culmin\u00f3 con la elecci\u00f3n de Evelyn Micol (Centro de Barrio 1) y Camila Lemos (Centro de Barrio 6) como segunda y tercera embajadora, respectivamente. La iniciativa, impulsada por la Direcci\u00f3n General de Desarrollo Social de la Intendencia de Tacuaremb\u00f3, busca consolidar un espacio de participaci\u00f3n y representaci\u00f3n para los j\u00f3venes del departamento. <\/p>\n\n\n\n<p>Jorge Castelli, director general de Desarrollo Social, destac\u00f3 que el certamen trasciende la idea de un concurso de belleza para convertirse en una plataforma de expresi\u00f3n juvenil. \u00abEstas ideas nacen de darle valor, de incorporar a la juventud, a nuestras comisiones, a la voz, a hacerse sentir, a saber lo que piensan los j\u00f3venes de las necesidades que tiene su barrio, que tiene su zona, que tiene Tacuaremb\u00f3\u00bb, afirm\u00f3 Castelli durante la apertura del evento. <\/p>\n\n\n\n<p>El director subray\u00f3 que el objetivo es que las j\u00f3venes sean la \u00abrepresentaci\u00f3n de los j\u00f3venes a trav\u00e9s de algo que les guste, participar, encontrarse, socializar y sobre todo tener un espacio donde aportar sus ideas, sus proyectos y sus sue\u00f1os\u00bb. <\/p>\n\n\n\n<p>El evento no solo se centr\u00f3 en la elecci\u00f3n de las embajadoras, sino que tambi\u00e9n funcion\u00f3 como un punto de encuentro para la comunidad, con ferias artesanales y actuaciones de bandas locales como Sala 6 y Grupo Corona, integradas por j\u00f3venes talentos del departamento, formados en el Centro Cultural Tacuaremb\u00f3. Castelli, agradeci\u00f3 a las comisiones barriales, a los artesanos y al p\u00fablico, cuyo apoyo, dijo, es fundamental para el \u00e9xito de estas actividades que \u00abgeneran trabajo, generan movimiento y generan recursos\u00bb. <\/p>\n\n\n\n<p>El jurado, cuya decisi\u00f3n fue celebrada por un p\u00fablico entusiasta, eligi\u00f3 a las tres j\u00f3venes que ahora tendr\u00e1n la responsabilidad de representar a la juventud de Tacuaremb\u00f3 en diversas actividades a lo largo del a\u00f1o. La elecci\u00f3n de Luc\u00eda Albano, Evelyn Micol y Camila Lemos representa no solo un logro personal, sino tambi\u00e9n el triunfo de sus respectivas barriadas, que las apoyaron desde el inicio del certamen. La jornada concluy\u00f3 con un ambiente festivo, reafirmando el compromiso de la intendencia por crear y sostener plataformas que impulsen el protagonismo juvenil y fortalezcan el tejido social de Tacuaremb\u00f3.<\/p>\n\n\n\n<div class=\"wp-block-image-gallery-block-image-gallery-block\"><div class=\"eb-parent-wrapper eb-parent-eb-image-gallery-jrdqm \"><div class=\"eb-gallery-img-wrapper eb-image-gallery-jrdqm grid overlay-bottom caption-style-0   no-isotope \" data-id=\"eb-image-gallery-jrdqm\"><a href=\"https:\/\/tacuarembo.gub.uy\/wp-content\/uploads\/WhatsApp-Image-2025-11-24-at-09.01.37.jpeg\" rel=\"noopener\" data-fslightbox=\"gallery\" data-type=\"image\" class=\"eb-gallery-img-content eb-filter-img-\"><span class=\"eb-gallery-link-wrapper\"><img decoding=\"async\" class=\"eb-gallery-img\" src=\"https:\/\/tacuarembo.gub.uy\/wp-content\/uploads\/WhatsApp-Image-2025-11-24-at-09.01.37.jpeg\" image-index=\"0\" alt=\"\"\/><\/span><\/a><a href=\"https:\/\/tacuarembo.gub.uy\/wp-content\/uploads\/WhatsApp-Image-2025-11-24-at-09.01.363.jpeg\" rel=\"noopener\" data-fslightbox=\"gallery\" data-type=\"image\" class=\"eb-gallery-img-content eb-filter-img-\"><span class=\"eb-gallery-link-wrapper\"><img decoding=\"async\" class=\"eb-gallery-img\" src=\"https:\/\/tacuarembo.gub.uy\/wp-content\/uploads\/WhatsApp-Image-2025-11-24-at-09.01.363.jpeg\" image-index=\"1\" alt=\"\"\/><\/span><\/a><a href=\"https:\/\/tacuarembo.gub.uy\/wp-content\/uploads\/WhatsApp-Image-2025-11-24-at-09.01.362-scaled.jpeg\" rel=\"noopener\" data-fslightbox=\"gallery\" data-type=\"image\" class=\"eb-gallery-img-content eb-filter-img-\"><span class=\"eb-gallery-link-wrapper\"><img decoding=\"async\" class=\"eb-gallery-img\" src=\"https:\/\/tacuarembo.gub.uy\/wp-content\/uploads\/WhatsApp-Image-2025-11-24-at-09.01.362-scaled.jpeg\" image-index=\"2\" alt=\"\"\/><\/span><\/a><a href=\"https:\/\/tacuarembo.gub.uy\/wp-content\/uploads\/WhatsApp-Image-2025-11-24-at-09.01.361-scaled.jpeg\" rel=\"noopener\" data-fslightbox=\"gallery\" data-type=\"image\" class=\"eb-gallery-img-content eb-filter-img-\"><span class=\"eb-gallery-link-wrapper\"><img decoding=\"async\" class=\"eb-gallery-img\" src=\"https:\/\/tacuarembo.gub.uy\/wp-content\/uploads\/WhatsApp-Image-2025-11-24-at-09.01.361-scaled.jpeg\" image-index=\"3\" alt=\"\"\/><\/span><\/a><a href=\"https:\/\/tacuarembo.gub.uy\/wp-content\/uploads\/WhatsApp-Image-2025-11-24-at-09.01.36-scaled.jpeg\" rel=\"noopener\" data-fslightbox=\"gallery\" data-type=\"image\" class=\"eb-gallery-img-content eb-filter-img-\"><span class=\"eb-gallery-link-wrapper\"><img decoding=\"async\" class=\"eb-gallery-img\" src=\"https:\/\/tacuarembo.gub.uy\/wp-content\/uploads\/WhatsApp-Image-2025-11-24-at-09.01.36-scaled.jpeg\" image-index=\"4\" alt=\"\"\/><\/span><\/a><a href=\"https:\/\/tacuarembo.gub.uy\/wp-content\/uploads\/WhatsApp-Image-2025-11-24-at-09.01.353-scaled.jpeg\" rel=\"noopener\" data-fslightbox=\"gallery\" data-type=\"image\" class=\"eb-gallery-img-content eb-filter-img-\"><span class=\"eb-gallery-link-wrapper\"><img decoding=\"async\" class=\"eb-gallery-img\" src=\"https:\/\/tacuarembo.gub.uy\/wp-content\/uploads\/WhatsApp-Image-2025-11-24-at-09.01.353-scaled.jpeg\" image-index=\"5\" alt=\"\"\/><\/span><\/a><a href=\"https:\/\/tacuarembo.gub.uy\/wp-content\/uploads\/WhatsApp-Image-2025-11-24-at-09.01.352-scaled.jpeg\" rel=\"noopener\" data-fslightbox=\"gallery\" data-type=\"image\" class=\"eb-gallery-img-content eb-filter-img-\"><span class=\"eb-gallery-link-wrapper\"><img decoding=\"async\" class=\"eb-gallery-img\" src=\"https:\/\/tacuarembo.gub.uy\/wp-content\/uploads\/WhatsApp-Image-2025-11-24-at-09.01.352-scaled.jpeg\" image-index=\"6\" alt=\"\"\/><\/span><\/a><a href=\"https:\/\/tacuarembo.gub.uy\/wp-content\/uploads\/WhatsApp-Image-2025-11-24-at-09.01.351-scaled.jpeg\" rel=\"noopener\" data-fslightbox=\"gallery\" data-type=\"image\" class=\"eb-gallery-img-content eb-filter-img-\"><span class=\"eb-gallery-link-wrapper\"><img decoding=\"async\" class=\"eb-gallery-img\" src=\"https:\/\/tacuarembo.gub.uy\/wp-content\/uploads\/WhatsApp-Image-2025-11-24-at-09.01.351-scaled.jpeg\" image-index=\"7\" alt=\"\"\/><\/span><\/a><a href=\"https:\/\/tacuarembo.gub.uy\/wp-content\/uploads\/WhatsApp-Image-2025-11-24-at-09.01.35-scaled.jpeg\" rel=\"noopener\" data-fslightbox=\"gallery\" data-type=\"image\" class=\"eb-gallery-img-content eb-filter-img-\"><span class=\"eb-gallery-link-wrapper\"><img decoding=\"async\" class=\"eb-gallery-img\" src=\"https:\/\/tacuarembo.gub.uy\/wp-content\/uploads\/WhatsApp-Image-2025-11-24-at-09.01.35-scaled.jpeg\" image-index=\"8\" alt=\"\"\/><\/span><\/a><a href=\"https:\/\/tacuarembo.gub.uy\/wp-content\/uploads\/WhatsApp-Image-2025-11-24-at-09.01.34-scaled.jpeg\" rel=\"noopener\" data-fslightbox=\"gallery\" data-type=\"image\" class=\"eb-gallery-img-content eb-filter-img-\"><span class=\"eb-gallery-link-wrapper\"><img decoding=\"async\" class=\"eb-gallery-img\" src=\"https:\/\/tacuarembo.gub.uy\/wp-content\/uploads\/WhatsApp-Image-2025-11-24-at-09.01.34-scaled.jpeg\" image-index=\"9\" alt=\"\"\/><\/span><\/a><\/div><\/div><\/div>\n","protected":false},"excerpt":{"rendered":"<p>En una noche que combin\u00f3 la frescura de la juventud y el fuerte sentido de pertenencia barrial, Luc\u00eda Albano, representante del Centro de Barrio 3 y el Sal\u00f3n de Barrio San Gabriel, fue coronada como la Embajadora de la Primavera de Tacuaremb\u00f3.<\/p>\n","protected":false},"author":3,"featured_media":34210,"comment_status":"closed","ping_status":"closed","sticky":false,"template":"","format":"standard","meta":{"_eb_attr":"","footnotes":""},"categories":[16],"tags":[],"class_list":{"0":"post-34202","1":"post","2":"type-post","3":"status-publish","4":"format-standard","5":"has-post-thumbnail","7":"category-noticias"},"_links":{"self":[{"href":"https:\/\/tacuarembo.gub.uy\/index.php?rest_route=\/wp\/v2\/posts\/34202","targetHints":{"allow":["GET"]}}],"collection":[{"href":"https:\/\/tacuarembo.gub.uy\/index.php?rest_route=\/wp\/v2\/posts"}],"about":[{"href":"https:\/\/tacuarembo.gub.uy\/index.php?rest_route=\/wp\/v2\/types\/post"}],"author":[{"embeddable":true,"href":"https:\/\/tacuarembo.gub.uy\/index.php?rest_route=\/wp\/v2\/users\/3"}],"replies":[{"embeddable":true,"href":"https:\/\/tacuarembo.gub.uy\/index.php?rest_route=%2Fwp%2Fv2%2Fcomments&post=34202"}],"version-history":[{"count":1,"href":"https:\/\/tacuarembo.gub.uy\/index.php?rest_route=\/wp\/v2\/posts\/34202\/revisions"}],"predecessor-version":[{"id":34213,"href":"https:\/\/tacuarembo.gub.uy\/index.php?rest_route=\/wp\/v2\/posts\/34202\/revisions\/34213"}],"wp:featuredmedia":[{"embeddable":true,"href":"https:\/\/tacuarembo.gub.uy\/index.php?rest_route=\/wp\/v2\/media\/34210"}],"wp:attachment":[{"href":"https:\/\/tacuarembo.gub.uy\/index.php?rest_route=%2Fwp%2Fv2%2Fmedia&parent=34202"}],"wp:term":[{"taxonomy":"category","embeddable":true,"href":"https:\/\/tacuarembo.gub.uy\/index.php?rest_route=%2Fwp%2Fv2%2Fcategories&post=34202"},{"taxonomy":"post_tag","embeddable":true,"href":"https:\/\/tacuarembo.gub.uy\/index.php?rest_route=%2Fwp%2Fv2%2Ftags&post=34202"}],"curies":[{"name":"wp","href":"https:\/\/api.w.org\/{rel}","templated":true}]}}