{"id":34172,"date":"2025-11-20T15:02:46","date_gmt":"2025-11-20T18:02:46","guid":{"rendered":"https:\/\/tacuarembo.gub.uy\/?p=34172"},"modified":"2025-11-20T15:02:48","modified_gmt":"2025-11-20T18:02:48","slug":"homenaje-en-tacuarembo-a-policias-caidos-en-cumplimiento-del-deber","status":"publish","type":"post","link":"https:\/\/tacuarembo.gub.uy\/?p=34172","title":{"rendered":"Homenaje en Tacuaremb\u00f3 a Polic\u00edas Ca\u00eddos en Cumplimiento del Deber"},"content":{"rendered":"\n<p>En el marco del D\u00eda del Polic\u00eda Ca\u00eddo en Cumplimiento del Deber, la Jefatura de Polic\u00eda de Tacuaremb\u00f3 lider\u00f3 un solemne acto para honrar la memoria de doce agentes que perdieron la vida en el ejercicio de sus funciones. La ciudad de Tacuaremb\u00f3 fue escenario de un sentido homenaje este martes, en una ceremonia que busc\u00f3 recordar y valorar el sacrificio de los polic\u00edas que entregaron su vida al servicio de la comunidad. <\/p>\n\n\n\n<p>El evento, cargado de simbolismo y respeto, se llev\u00f3 a cabo en la Plaza del Retiro, congregando a autoridades, familiares, y vecinos en un acto de memoria colectiva. La jornada conmemorativa dio inicio a las 09:00 horas en la plaza ubicada en la intersecci\u00f3n de las calles 25 de Mayo y Joaqu\u00edn Correa. El anfitri\u00f3n del evento fue el Jefe de Polic\u00eda de Tacuaremb\u00f3, Comisario Mayor (R) Roberto Pereira, quien estuvo acompa\u00f1ado por el Comando Jefaturial, directores y personal de todas las escalas de la fuerza policial. <\/p>\n\n\n\n<p>La relevancia del acto se vio reflejada en la concurrencia de destacadas figuras del \u00e1mbito pol\u00edtico y social del departamento. Estuvieron presentes representantes nacionales, autoridades judiciales y militares, as\u00ed como miembros del ejecutivo y legislativo departamental, contando con la participaci\u00f3n del Intendente de Tacuaremb\u00f3, Sr. Wilson Ezquerra. El desarrollo de la ceremonia sigui\u00f3 un protocolo solemne que comenz\u00f3 con la entonaci\u00f3n de las estrofas del Himno Nacional. Posteriormente, se dio lectura a la orden del d\u00eda y se nombr\u00f3 a cada uno de los doce polic\u00edas del departamento fallecidos en actos directos del servicio, cuyos registros datan desde el a\u00f1o 1935 hasta 2009, en un momento de profunda emoci\u00f3n y respeto.<\/p>\n\n\n\n<p>El discurso central estuvo a cargo del Director de Coordinaci\u00f3n Ejecutiva, Comisario Mayor M\u00e1ximo Rodr\u00edguez, quien en sus palabras aludi\u00f3 a la importancia de recordar a aquellos que, con vocaci\u00f3n y compromiso, hicieron el m\u00e1ximo sacrificio por la seguridad de la sociedad. El homenaje culmin\u00f3 con la colocaci\u00f3n de una ofrenda floral en el martirologio existente en la plaza, un gesto que fue liderado por el Jefe y Subjefe de Polic\u00eda, junto al Intendente Departamental y otras autoridades, sellando as\u00ed un tributo perdurable a la memoria de los ca\u00eddos.<\/p>\n\n\n\n<div class=\"wp-block-image-gallery-block-image-gallery-block\"><div class=\"eb-parent-wrapper eb-parent-eb-image-gallery-f3j80 \"><div class=\"eb-gallery-img-wrapper eb-image-gallery-f3j80 grid overlay-bottom caption-style-0   no-isotope \" data-id=\"eb-image-gallery-f3j80\"><a href=\"https:\/\/tacuarembo.gub.uy\/wp-content\/uploads\/WhatsApp-Image-2025-11-20-at-14.54.141.jpeg\" rel=\"noopener\" data-fslightbox=\"gallery\" data-type=\"image\" class=\"eb-gallery-img-content eb-filter-img-\"><span class=\"eb-gallery-link-wrapper\"><img decoding=\"async\" class=\"eb-gallery-img\" src=\"https:\/\/tacuarembo.gub.uy\/wp-content\/uploads\/WhatsApp-Image-2025-11-20-at-14.54.141.jpeg\" image-index=\"0\" alt=\"\"\/><\/span><\/a><a href=\"https:\/\/tacuarembo.gub.uy\/wp-content\/uploads\/WhatsApp-Image-2025-11-20-at-14.54.14.jpeg\" rel=\"noopener\" data-fslightbox=\"gallery\" data-type=\"image\" class=\"eb-gallery-img-content eb-filter-img-\"><span class=\"eb-gallery-link-wrapper\"><img decoding=\"async\" class=\"eb-gallery-img\" src=\"https:\/\/tacuarembo.gub.uy\/wp-content\/uploads\/WhatsApp-Image-2025-11-20-at-14.54.14.jpeg\" image-index=\"1\" alt=\"\"\/><\/span><\/a><a href=\"https:\/\/tacuarembo.gub.uy\/wp-content\/uploads\/WhatsApp-Image-2025-11-20-at-14.54.132.jpeg\" rel=\"noopener\" data-fslightbox=\"gallery\" data-type=\"image\" class=\"eb-gallery-img-content eb-filter-img-\"><span class=\"eb-gallery-link-wrapper\"><img decoding=\"async\" class=\"eb-gallery-img\" src=\"https:\/\/tacuarembo.gub.uy\/wp-content\/uploads\/WhatsApp-Image-2025-11-20-at-14.54.132.jpeg\" image-index=\"2\" alt=\"\"\/><\/span><\/a><a href=\"https:\/\/tacuarembo.gub.uy\/wp-content\/uploads\/WhatsApp-Image-2025-11-20-at-14.54.131.jpeg\" rel=\"noopener\" data-fslightbox=\"gallery\" data-type=\"image\" class=\"eb-gallery-img-content eb-filter-img-\"><span class=\"eb-gallery-link-wrapper\"><img decoding=\"async\" class=\"eb-gallery-img\" src=\"https:\/\/tacuarembo.gub.uy\/wp-content\/uploads\/WhatsApp-Image-2025-11-20-at-14.54.131.jpeg\" image-index=\"3\" alt=\"\"\/><\/span><\/a><a href=\"https:\/\/tacuarembo.gub.uy\/wp-content\/uploads\/WhatsApp-Image-2025-11-20-at-14.54.13.jpeg\" rel=\"noopener\" data-fslightbox=\"gallery\" data-type=\"image\" class=\"eb-gallery-img-content eb-filter-img-\"><span class=\"eb-gallery-link-wrapper\"><img decoding=\"async\" class=\"eb-gallery-img\" src=\"https:\/\/tacuarembo.gub.uy\/wp-content\/uploads\/WhatsApp-Image-2025-11-20-at-14.54.13.jpeg\" image-index=\"4\" alt=\"\"\/><\/span><\/a><a href=\"https:\/\/tacuarembo.gub.uy\/wp-content\/uploads\/WhatsApp-Image-2025-11-20-at-14.54.121.jpeg\" rel=\"noopener\" data-fslightbox=\"gallery\" data-type=\"image\" class=\"eb-gallery-img-content eb-filter-img-\"><span class=\"eb-gallery-link-wrapper\"><img decoding=\"async\" class=\"eb-gallery-img\" src=\"https:\/\/tacuarembo.gub.uy\/wp-content\/uploads\/WhatsApp-Image-2025-11-20-at-14.54.121.jpeg\" image-index=\"5\" alt=\"\"\/><\/span><\/a><a href=\"https:\/\/tacuarembo.gub.uy\/wp-content\/uploads\/WhatsApp-Image-2025-11-20-at-14.54.12.jpeg\" rel=\"noopener\" data-fslightbox=\"gallery\" data-type=\"image\" class=\"eb-gallery-img-content eb-filter-img-\"><span class=\"eb-gallery-link-wrapper\"><img decoding=\"async\" class=\"eb-gallery-img\" src=\"https:\/\/tacuarembo.gub.uy\/wp-content\/uploads\/WhatsApp-Image-2025-11-20-at-14.54.12.jpeg\" image-index=\"6\" alt=\"\"\/><\/span><\/a><a href=\"https:\/\/tacuarembo.gub.uy\/wp-content\/uploads\/WhatsApp-Image-2025-11-20-at-14.54.111.jpeg\" rel=\"noopener\" data-fslightbox=\"gallery\" data-type=\"image\" class=\"eb-gallery-img-content eb-filter-img-\"><span class=\"eb-gallery-link-wrapper\"><img decoding=\"async\" class=\"eb-gallery-img\" src=\"https:\/\/tacuarembo.gub.uy\/wp-content\/uploads\/WhatsApp-Image-2025-11-20-at-14.54.111.jpeg\" image-index=\"7\" alt=\"\"\/><\/span><\/a><a href=\"https:\/\/tacuarembo.gub.uy\/wp-content\/uploads\/WhatsApp-Image-2025-11-20-at-14.54.11.jpeg\" rel=\"noopener\" data-fslightbox=\"gallery\" data-type=\"image\" class=\"eb-gallery-img-content eb-filter-img-\"><span class=\"eb-gallery-link-wrapper\"><img decoding=\"async\" class=\"eb-gallery-img\" src=\"https:\/\/tacuarembo.gub.uy\/wp-content\/uploads\/WhatsApp-Image-2025-11-20-at-14.54.11.jpeg\" image-index=\"8\" alt=\"\"\/><\/span><\/a><a href=\"https:\/\/tacuarembo.gub.uy\/wp-content\/uploads\/WhatsApp-Image-2025-11-20-at-14.54.10.jpeg\" rel=\"noopener\" data-fslightbox=\"gallery\" data-type=\"image\" class=\"eb-gallery-img-content eb-filter-img-\"><span class=\"eb-gallery-link-wrapper\"><img decoding=\"async\" class=\"eb-gallery-img\" src=\"https:\/\/tacuarembo.gub.uy\/wp-content\/uploads\/WhatsApp-Image-2025-11-20-at-14.54.10.jpeg\" image-index=\"9\" alt=\"\"\/><\/span><\/a><\/div><\/div><\/div>\n","protected":false},"excerpt":{"rendered":"<p>En el marco del D\u00eda del Polic\u00eda Ca\u00eddo en Cumplimiento del Deber, la Jefatura de Polic\u00eda de Tacuaremb\u00f3 lider\u00f3 un solemne acto para honrar la memoria de doce agentes que perdieron la vida en el ejercicio de sus funciones<\/p>\n","protected":false},"author":3,"featured_media":34182,"comment_status":"closed","ping_status":"closed","sticky":false,"template":"","format":"standard","meta":{"_eb_attr":"","footnotes":""},"categories":[16],"tags":[],"class_list":{"0":"post-34172","1":"post","2":"type-post","3":"status-publish","4":"format-standard","5":"has-post-thumbnail","7":"category-noticias"},"_links":{"self":[{"href":"https:\/\/tacuarembo.gub.uy\/index.php?rest_route=\/wp\/v2\/posts\/34172","targetHints":{"allow":["GET"]}}],"collection":[{"href":"https:\/\/tacuarembo.gub.uy\/index.php?rest_route=\/wp\/v2\/posts"}],"about":[{"href":"https:\/\/tacuarembo.gub.uy\/index.php?rest_route=\/wp\/v2\/types\/post"}],"author":[{"embeddable":true,"href":"https:\/\/tacuarembo.gub.uy\/index.php?rest_route=\/wp\/v2\/users\/3"}],"replies":[{"embeddable":true,"href":"https:\/\/tacuarembo.gub.uy\/index.php?rest_route=%2Fwp%2Fv2%2Fcomments&post=34172"}],"version-history":[{"count":1,"href":"https:\/\/tacuarembo.gub.uy\/index.php?rest_route=\/wp\/v2\/posts\/34172\/revisions"}],"predecessor-version":[{"id":34183,"href":"https:\/\/tacuarembo.gub.uy\/index.php?rest_route=\/wp\/v2\/posts\/34172\/revisions\/34183"}],"wp:featuredmedia":[{"embeddable":true,"href":"https:\/\/tacuarembo.gub.uy\/index.php?rest_route=\/wp\/v2\/media\/34182"}],"wp:attachment":[{"href":"https:\/\/tacuarembo.gub.uy\/index.php?rest_route=%2Fwp%2Fv2%2Fmedia&parent=34172"}],"wp:term":[{"taxonomy":"category","embeddable":true,"href":"https:\/\/tacuarembo.gub.uy\/index.php?rest_route=%2Fwp%2Fv2%2Fcategories&post=34172"},{"taxonomy":"post_tag","embeddable":true,"href":"https:\/\/tacuarembo.gub.uy\/index.php?rest_route=%2Fwp%2Fv2%2Ftags&post=34172"}],"curies":[{"name":"wp","href":"https:\/\/api.w.org\/{rel}","templated":true}]}}