{"id":3413,"date":"2019-06-21T23:14:57","date_gmt":"2019-06-21T23:14:57","guid":{"rendered":"https:\/\/tacuarembo.gub.uy\/?p=3413"},"modified":"2019-06-21T23:14:57","modified_gmt":"2019-06-21T23:14:57","slug":"semana-gardeliana","status":"publish","type":"post","link":"https:\/\/tacuarembo.gub.uy\/?p=3413","title":{"rendered":"Semana Gardeliana"},"content":{"rendered":"\n<p>La Intendencia departamental de Tacuaremb\u00f3 a trav\u00e9s de la Direcci\u00f3n General de Cultura, promueve para este s\u00e1bado 22\u00a0 en Club Tacuaremb\u00f3, la realizaci\u00f3n de una gala denominada Remembranzas con la elecci\u00f3n desde la hora 20, de la \u201c Musa Tango\u201d\u00a0 con un marco art\u00edstico de canciones y danzas, se destaca la actuaci\u00f3n de \u00c1lvaro y Larisa \u2013 Danzas Rumbo Norte, estar\u00e1n presentes desde Montevideo\u00a0 Jos\u00e9 Luis Pereira y Virginia Piria, tambi\u00e9n actuar\u00e1n Lucia Pi\u00f1eiro y Mat\u00edas M\u00e9ndez con su Salsa Show y se finaliza con un Ala de Pasonar \u2013 Candombe que llega desde Paso de los Toros. El Programa continuar\u00e1 este lunes 24, desde las 14:30 en Plaza 19 de abril, con un Baile Popular en Homenaje a Gardel y el concierto de la Orquesta Tacuaremb\u00f3 \u201cEl Tango en la Historia\u201d.<\/p>\n","protected":false},"excerpt":{"rendered":"<p>La Intendencia departamental de Tacuaremb\u00f3 a trav\u00e9s de la Direcci\u00f3n General de Cultura, promueve para este s\u00e1bado 22  en Club Tacuaremb\u00f3, la realizaci\u00f3n de una gala denominada Remembranzas con la elecci\u00f3n desde la hora 20, de la \u201c Musa Tango\u201d  con un marco art\u00edstico de canciones y danzas<\/p>\n","protected":false},"author":3,"featured_media":3414,"comment_status":"open","ping_status":"open","sticky":false,"template":"","format":"standard","meta":{"_eb_attr":"","footnotes":""},"categories":[16],"tags":[],"class_list":{"0":"post-3413","1":"post","2":"type-post","3":"status-publish","4":"format-standard","5":"has-post-thumbnail","7":"category-noticias"},"_links":{"self":[{"href":"https:\/\/tacuarembo.gub.uy\/index.php?rest_route=\/wp\/v2\/posts\/3413","targetHints":{"allow":["GET"]}}],"collection":[{"href":"https:\/\/tacuarembo.gub.uy\/index.php?rest_route=\/wp\/v2\/posts"}],"about":[{"href":"https:\/\/tacuarembo.gub.uy\/index.php?rest_route=\/wp\/v2\/types\/post"}],"author":[{"embeddable":true,"href":"https:\/\/tacuarembo.gub.uy\/index.php?rest_route=\/wp\/v2\/users\/3"}],"replies":[{"embeddable":true,"href":"https:\/\/tacuarembo.gub.uy\/index.php?rest_route=%2Fwp%2Fv2%2Fcomments&post=3413"}],"version-history":[{"count":1,"href":"https:\/\/tacuarembo.gub.uy\/index.php?rest_route=\/wp\/v2\/posts\/3413\/revisions"}],"predecessor-version":[{"id":3415,"href":"https:\/\/tacuarembo.gub.uy\/index.php?rest_route=\/wp\/v2\/posts\/3413\/revisions\/3415"}],"wp:featuredmedia":[{"embeddable":true,"href":"https:\/\/tacuarembo.gub.uy\/index.php?rest_route=\/wp\/v2\/media\/3414"}],"wp:attachment":[{"href":"https:\/\/tacuarembo.gub.uy\/index.php?rest_route=%2Fwp%2Fv2%2Fmedia&parent=3413"}],"wp:term":[{"taxonomy":"category","embeddable":true,"href":"https:\/\/tacuarembo.gub.uy\/index.php?rest_route=%2Fwp%2Fv2%2Fcategories&post=3413"},{"taxonomy":"post_tag","embeddable":true,"href":"https:\/\/tacuarembo.gub.uy\/index.php?rest_route=%2Fwp%2Fv2%2Ftags&post=3413"}],"curies":[{"name":"wp","href":"https:\/\/api.w.org\/{rel}","templated":true}]}}