{"id":33761,"date":"2025-10-22T21:12:00","date_gmt":"2025-10-23T00:12:00","guid":{"rendered":"https:\/\/tacuarembo.gub.uy\/?p=33761"},"modified":"2025-10-23T09:14:12","modified_gmt":"2025-10-23T12:14:12","slug":"el-liceo-no-5-de-tacuarembo-fue-designado-oficialmente-con-el-nombre-del-poeta-washington-benavides","status":"publish","type":"post","link":"https:\/\/tacuarembo.gub.uy\/?p=33761","title":{"rendered":"El Liceo N\u00ba 5 de Tacuaremb\u00f3 fue designado oficialmente con el nombre del poeta Washington Benavides"},"content":{"rendered":"\n<p>En una emotiva ceremonia realizada en Tacuaremb\u00f3, el Liceo N\u00ba 5 fue nombrado oficialmente en honor al c\u00e9lebre poeta y docente Washington \u201cBocha\u201d Benavides. El acto cont\u00f3 con una destacada presencia de autoridades de la Intendencia Departamental de Tacuaremb\u00f3 (IDT), reafirmando el compromiso institucional con la cultura y la educaci\u00f3n local. La delegaci\u00f3n de la IDT estuvo integrada por el director general de Educaci\u00f3n y Cultura, Ignacio Borad; la directora de Cultura, Gheisa L\u00f3pez Formoso; el director de Turismo, Deporte y Juventud, Camilo Guti\u00e9rrez; y la directora de Juventud, Cynthia Costabel. <\/p>\n\n\n\n<p>Durante el evento, se vivieron momentos significativos como la presentaci\u00f3n de la nueva bandera del liceo, dise\u00f1ada por los propios alumnos, y la exhibici\u00f3n de un mural alusivo creado por el artista Jos\u00e9 Galino. Adem\u00e1s, la Federaci\u00f3n Nacional de Profesores de Ense\u00f1anza Secundaria (FENAPES) entreg\u00f3 una placa conmemorativa, y se descubri\u00f3 otra por parte de las autoridades de educaci\u00f3n secundaria. La directora del centro, profesora Claudia Vaz, expres\u00f3 que nombrar a la instituci\u00f3n en honor a Benavides \u201ces una elecci\u00f3n profundamente acertada, pues refleja nuestra identidad\u201d. Subray\u00f3 que el homenaje implica asumir \u201cel compromiso de construir una educaci\u00f3n p\u00fablica que abrace la sensibilidad, la creatividad, la justicia y el pensamiento libre\u201d, valores que el poeta defendi\u00f3 a lo largo de su vida. Uno de los discursos m\u00e1s conmovedores fue el de Pablo Benavides, hijo del poeta y profesor. <\/p>\n\n\n\n<p>Visiblemente emocionado, comparti\u00f3 an\u00e9cdotas sobre la vida de su padre, su incansable labor como docente \u201cen todo momento, en la casa, en el bar, en el liceo\u201d, y su resiliencia, recordando el episodio en que su primer libro fue quemado en una plaza p\u00fablica \u201cen plena democracia\u201d. Finalmente, Pablo Benavides transmiti\u00f3 un mensaje a los estudiantes, utilizando la met\u00e1fora de una \u201ccarrera de postas\u201d para describir la tarea educativa. \u201cAhora el liceo Washington Benavides es su responsabilidad\u201d, afirm\u00f3, inst\u00e1ndolos a tomar el testigo y defender el legado de una educaci\u00f3n comprometida que, con este acto, se han ganado<\/p>\n\n\n\n<div class=\"wp-block-image-gallery-block-image-gallery-block\"><div class=\"eb-parent-wrapper eb-parent-eb-image-gallery-64wf2 \"><div class=\"eb-gallery-img-wrapper eb-image-gallery-64wf2 grid overlay-bottom caption-style-0   no-isotope \" data-id=\"eb-image-gallery-64wf2\"><a href=\"https:\/\/tacuarembo.gub.uy\/wp-content\/uploads\/WhatsApp-Image-2025-10-22-at-21.25.392.jpeg\" rel=\"noopener\" data-fslightbox=\"gallery\" data-type=\"image\" class=\"eb-gallery-img-content eb-filter-img-\"><span class=\"eb-gallery-link-wrapper\"><img decoding=\"async\" class=\"eb-gallery-img\" src=\"https:\/\/tacuarembo.gub.uy\/wp-content\/uploads\/WhatsApp-Image-2025-10-22-at-21.25.392.jpeg\" image-index=\"0\" alt=\"\"\/><\/span><\/a><a href=\"https:\/\/tacuarembo.gub.uy\/wp-content\/uploads\/WhatsApp-Image-2025-10-22-at-21.25.391.jpeg\" rel=\"noopener\" data-fslightbox=\"gallery\" data-type=\"image\" class=\"eb-gallery-img-content eb-filter-img-\"><span class=\"eb-gallery-link-wrapper\"><img decoding=\"async\" class=\"eb-gallery-img\" src=\"https:\/\/tacuarembo.gub.uy\/wp-content\/uploads\/WhatsApp-Image-2025-10-22-at-21.25.391.jpeg\" image-index=\"1\" alt=\"\"\/><\/span><\/a><a href=\"https:\/\/tacuarembo.gub.uy\/wp-content\/uploads\/WhatsApp-Image-2025-10-22-at-21.25.39.jpeg\" rel=\"noopener\" data-fslightbox=\"gallery\" data-type=\"image\" class=\"eb-gallery-img-content eb-filter-img-\"><span class=\"eb-gallery-link-wrapper\"><img decoding=\"async\" class=\"eb-gallery-img\" src=\"https:\/\/tacuarembo.gub.uy\/wp-content\/uploads\/WhatsApp-Image-2025-10-22-at-21.25.39.jpeg\" image-index=\"2\" alt=\"\"\/><\/span><\/a><a href=\"https:\/\/tacuarembo.gub.uy\/wp-content\/uploads\/WhatsApp-Image-2025-10-22-at-21.25.382.jpeg\" rel=\"noopener\" data-fslightbox=\"gallery\" data-type=\"image\" class=\"eb-gallery-img-content eb-filter-img-\"><span class=\"eb-gallery-link-wrapper\"><img decoding=\"async\" class=\"eb-gallery-img\" src=\"https:\/\/tacuarembo.gub.uy\/wp-content\/uploads\/WhatsApp-Image-2025-10-22-at-21.25.382.jpeg\" image-index=\"3\" alt=\"\"\/><\/span><\/a><a href=\"https:\/\/tacuarembo.gub.uy\/wp-content\/uploads\/WhatsApp-Image-2025-10-22-at-21.25.381.jpeg\" rel=\"noopener\" data-fslightbox=\"gallery\" data-type=\"image\" class=\"eb-gallery-img-content eb-filter-img-\"><span class=\"eb-gallery-link-wrapper\"><img decoding=\"async\" class=\"eb-gallery-img\" src=\"https:\/\/tacuarembo.gub.uy\/wp-content\/uploads\/WhatsApp-Image-2025-10-22-at-21.25.381.jpeg\" image-index=\"4\" alt=\"\"\/><\/span><\/a><a href=\"https:\/\/tacuarembo.gub.uy\/wp-content\/uploads\/WhatsApp-Image-2025-10-22-at-21.25.38.jpeg\" rel=\"noopener\" data-fslightbox=\"gallery\" data-type=\"image\" class=\"eb-gallery-img-content eb-filter-img-\"><span class=\"eb-gallery-link-wrapper\"><img decoding=\"async\" class=\"eb-gallery-img\" src=\"https:\/\/tacuarembo.gub.uy\/wp-content\/uploads\/WhatsApp-Image-2025-10-22-at-21.25.38.jpeg\" image-index=\"5\" alt=\"\"\/><\/span><\/a><a href=\"https:\/\/tacuarembo.gub.uy\/wp-content\/uploads\/WhatsApp-Image-2025-10-22-at-21.25.371.jpeg\" rel=\"noopener\" data-fslightbox=\"gallery\" data-type=\"image\" class=\"eb-gallery-img-content eb-filter-img-\"><span class=\"eb-gallery-link-wrapper\"><img decoding=\"async\" class=\"eb-gallery-img\" src=\"https:\/\/tacuarembo.gub.uy\/wp-content\/uploads\/WhatsApp-Image-2025-10-22-at-21.25.371.jpeg\" image-index=\"6\" alt=\"\"\/><\/span><\/a><a href=\"https:\/\/tacuarembo.gub.uy\/wp-content\/uploads\/WhatsApp-Image-2025-10-22-at-21.25.37.jpeg\" rel=\"noopener\" data-fslightbox=\"gallery\" data-type=\"image\" class=\"eb-gallery-img-content eb-filter-img-\"><span class=\"eb-gallery-link-wrapper\"><img decoding=\"async\" class=\"eb-gallery-img\" src=\"https:\/\/tacuarembo.gub.uy\/wp-content\/uploads\/WhatsApp-Image-2025-10-22-at-21.25.37.jpeg\" image-index=\"7\" alt=\"\"\/><\/span><\/a><a href=\"https:\/\/tacuarembo.gub.uy\/wp-content\/uploads\/WhatsApp-Image-2025-10-22-at-21.25.362.jpeg\" rel=\"noopener\" data-fslightbox=\"gallery\" data-type=\"image\" class=\"eb-gallery-img-content eb-filter-img-\"><span class=\"eb-gallery-link-wrapper\"><img decoding=\"async\" class=\"eb-gallery-img\" src=\"https:\/\/tacuarembo.gub.uy\/wp-content\/uploads\/WhatsApp-Image-2025-10-22-at-21.25.362.jpeg\" image-index=\"8\" alt=\"\"\/><\/span><\/a><a href=\"https:\/\/tacuarembo.gub.uy\/wp-content\/uploads\/WhatsApp-Image-2025-10-22-at-21.25.361.jpeg\" rel=\"noopener\" data-fslightbox=\"gallery\" data-type=\"image\" class=\"eb-gallery-img-content eb-filter-img-\"><span class=\"eb-gallery-link-wrapper\"><img decoding=\"async\" class=\"eb-gallery-img\" src=\"https:\/\/tacuarembo.gub.uy\/wp-content\/uploads\/WhatsApp-Image-2025-10-22-at-21.25.361.jpeg\" image-index=\"9\" alt=\"\"\/><\/span><\/a><a href=\"https:\/\/tacuarembo.gub.uy\/wp-content\/uploads\/WhatsApp-Image-2025-10-22-at-21.25.36.jpeg\" rel=\"noopener\" data-fslightbox=\"gallery\" data-type=\"image\" class=\"eb-gallery-img-content eb-filter-img-\"><span class=\"eb-gallery-link-wrapper\"><img decoding=\"async\" class=\"eb-gallery-img\" src=\"https:\/\/tacuarembo.gub.uy\/wp-content\/uploads\/WhatsApp-Image-2025-10-22-at-21.25.36.jpeg\" image-index=\"10\" alt=\"\"\/><\/span><\/a><a href=\"https:\/\/tacuarembo.gub.uy\/wp-content\/uploads\/WhatsApp-Image-2025-10-22-at-21.25.352.jpeg\" rel=\"noopener\" data-fslightbox=\"gallery\" data-type=\"image\" class=\"eb-gallery-img-content eb-filter-img-\"><span class=\"eb-gallery-link-wrapper\"><img decoding=\"async\" class=\"eb-gallery-img\" src=\"https:\/\/tacuarembo.gub.uy\/wp-content\/uploads\/WhatsApp-Image-2025-10-22-at-21.25.352.jpeg\" image-index=\"11\" alt=\"\"\/><\/span><\/a><a href=\"https:\/\/tacuarembo.gub.uy\/wp-content\/uploads\/WhatsApp-Image-2025-10-22-at-21.25.351.jpeg\" rel=\"noopener\" data-fslightbox=\"gallery\" data-type=\"image\" class=\"eb-gallery-img-content eb-filter-img-\"><span class=\"eb-gallery-link-wrapper\"><img decoding=\"async\" class=\"eb-gallery-img\" src=\"https:\/\/tacuarembo.gub.uy\/wp-content\/uploads\/WhatsApp-Image-2025-10-22-at-21.25.351.jpeg\" image-index=\"12\" alt=\"\"\/><\/span><\/a><a href=\"https:\/\/tacuarembo.gub.uy\/wp-content\/uploads\/WhatsApp-Image-2025-10-22-at-21.25.35.jpeg\" rel=\"noopener\" data-fslightbox=\"gallery\" data-type=\"image\" class=\"eb-gallery-img-content eb-filter-img-\"><span class=\"eb-gallery-link-wrapper\"><img decoding=\"async\" class=\"eb-gallery-img\" src=\"https:\/\/tacuarembo.gub.uy\/wp-content\/uploads\/WhatsApp-Image-2025-10-22-at-21.25.35.jpeg\" image-index=\"13\" alt=\"\"\/><\/span><\/a><a href=\"https:\/\/tacuarembo.gub.uy\/wp-content\/uploads\/WhatsApp-Image-2025-10-22-at-21.25.341.jpeg\" rel=\"noopener\" data-fslightbox=\"gallery\" data-type=\"image\" class=\"eb-gallery-img-content eb-filter-img-\"><span class=\"eb-gallery-link-wrapper\"><img decoding=\"async\" class=\"eb-gallery-img\" src=\"https:\/\/tacuarembo.gub.uy\/wp-content\/uploads\/WhatsApp-Image-2025-10-22-at-21.25.341.jpeg\" image-index=\"14\" alt=\"\"\/><\/span><\/a><a href=\"https:\/\/tacuarembo.gub.uy\/wp-content\/uploads\/WhatsApp-Image-2025-10-22-at-21.25.34.jpeg\" rel=\"noopener\" data-fslightbox=\"gallery\" data-type=\"image\" class=\"eb-gallery-img-content eb-filter-img-\"><span class=\"eb-gallery-link-wrapper\"><img decoding=\"async\" class=\"eb-gallery-img\" src=\"https:\/\/tacuarembo.gub.uy\/wp-content\/uploads\/WhatsApp-Image-2025-10-22-at-21.25.34.jpeg\" image-index=\"15\" alt=\"\"\/><\/span><\/a><a href=\"https:\/\/tacuarembo.gub.uy\/wp-content\/uploads\/WhatsApp-Image-2025-10-22-at-21.25.33.jpeg\" rel=\"noopener\" data-fslightbox=\"gallery\" data-type=\"image\" class=\"eb-gallery-img-content eb-filter-img-\"><span class=\"eb-gallery-link-wrapper\"><img decoding=\"async\" class=\"eb-gallery-img\" src=\"https:\/\/tacuarembo.gub.uy\/wp-content\/uploads\/WhatsApp-Image-2025-10-22-at-21.25.33.jpeg\" image-index=\"16\" alt=\"\"\/><\/span><\/a><\/div><\/div><\/div>\n","protected":false},"excerpt":{"rendered":"<p>En una emotiva ceremonia realizada en Tacuaremb\u00f3, el Liceo N\u00ba 5 fue nombrado oficialmente en honor al c\u00e9lebre poeta y docente Washington \u201cBocha\u201d Benavides. El acto cont\u00f3 con una destacada presencia de autoridades de la Intendencia Departamental de Tacuaremb\u00f3 (IDT), reafirmando el compromiso institucional con la cultura y la educaci\u00f3n local<\/p>\n","protected":false},"author":3,"featured_media":33771,"comment_status":"closed","ping_status":"closed","sticky":false,"template":"","format":"standard","meta":{"_eb_attr":"","footnotes":""},"categories":[18,16],"tags":[],"class_list":{"0":"post-33761","1":"post","2":"type-post","3":"status-publish","4":"format-standard","5":"has-post-thumbnail","7":"category-cultura","8":"category-noticias"},"_links":{"self":[{"href":"https:\/\/tacuarembo.gub.uy\/index.php?rest_route=\/wp\/v2\/posts\/33761","targetHints":{"allow":["GET"]}}],"collection":[{"href":"https:\/\/tacuarembo.gub.uy\/index.php?rest_route=\/wp\/v2\/posts"}],"about":[{"href":"https:\/\/tacuarembo.gub.uy\/index.php?rest_route=\/wp\/v2\/types\/post"}],"author":[{"embeddable":true,"href":"https:\/\/tacuarembo.gub.uy\/index.php?rest_route=\/wp\/v2\/users\/3"}],"replies":[{"embeddable":true,"href":"https:\/\/tacuarembo.gub.uy\/index.php?rest_route=%2Fwp%2Fv2%2Fcomments&post=33761"}],"version-history":[{"count":1,"href":"https:\/\/tacuarembo.gub.uy\/index.php?rest_route=\/wp\/v2\/posts\/33761\/revisions"}],"predecessor-version":[{"id":33779,"href":"https:\/\/tacuarembo.gub.uy\/index.php?rest_route=\/wp\/v2\/posts\/33761\/revisions\/33779"}],"wp:featuredmedia":[{"embeddable":true,"href":"https:\/\/tacuarembo.gub.uy\/index.php?rest_route=\/wp\/v2\/media\/33771"}],"wp:attachment":[{"href":"https:\/\/tacuarembo.gub.uy\/index.php?rest_route=%2Fwp%2Fv2%2Fmedia&parent=33761"}],"wp:term":[{"taxonomy":"category","embeddable":true,"href":"https:\/\/tacuarembo.gub.uy\/index.php?rest_route=%2Fwp%2Fv2%2Fcategories&post=33761"},{"taxonomy":"post_tag","embeddable":true,"href":"https:\/\/tacuarembo.gub.uy\/index.php?rest_route=%2Fwp%2Fv2%2Ftags&post=33761"}],"curies":[{"name":"wp","href":"https:\/\/api.w.org\/{rel}","templated":true}]}}