{"id":3365,"date":"2019-06-20T21:10:33","date_gmt":"2019-06-20T21:10:33","guid":{"rendered":"https:\/\/tacuarembo.gub.uy\/?p=3365"},"modified":"2019-06-20T21:10:33","modified_gmt":"2019-06-20T21:10:33","slug":"el-intendente-eber-da-rosa-tomo-juramento-de-fidelidad-a-la-bandera","status":"publish","type":"post","link":"https:\/\/tacuarembo.gub.uy\/?p=3365","title":{"rendered":"El Intendente Eber Da Rosa tom\u00f3 juramento de fidelidad a la Bandera"},"content":{"rendered":"\n<p>Unas 55 personas se inscribieron en lo previo ante la Comisi\u00f3n Patri\u00f3tica a los efectos de cumplir con este requerimiento en el marco del acto que se desarroll\u00f3 en Plaza 19 de abril, el tiempo acompa\u00f1\u00f3 para que se congregara un n\u00famero importante de instituciones p\u00fablicas y privadas con sus respectivos cuadros de honor a los efectos de recordar y rendir homenaje al pr\u00f3cer de la patria, el General Jos\u00e9 Artigas a 255 a\u00f1os de su natalicio. El programa comenz\u00f3 con una introducci\u00f3n musical a cargo de la Orquesta Tacuaremb\u00f3 quienes cerraron su espect\u00e1culo con el himno popular \u201cA Don Jos\u00e9\u201d dedicado a todos los abuelos en su d\u00eda, de inmediato comenz\u00f3 el acto con las estrofas del Himno Nacional, hubo una intervenci\u00f3n muy destacada por parte de los alumnos de la Escuela  Nro. 161 de Expresi\u00f3n Art\u00edstica  quienes realizaron una representaci\u00f3n hist\u00f3rica y bailaron una danza tradicional junto con la reconocida vidalita  \u201cA Jos\u00e9 Artigas\u201d formando en el centro de la plaza la bandera que lo identifica, posteriormente se tom\u00f3 el juramento por parte del Intendente Departamental , se escuch\u00f3 la parte oratoria d\u00f3nde el mensaje hist\u00f3rico estuvo a cargo de los alumnos del Liceo 3 Ignacio Duarte y Valentina Barrios para colocar las ofrendas florales, la primera estuvo a cargo de la Agremiaci\u00f3n de Pasivos 19 de Junio , instituci\u00f3n que celebr\u00f3 sus 46 a\u00f1os y la segunda por parte de la Comisi\u00f3n Patri\u00f3tica que fue depositada por el Jefe de Polic\u00eda Sergio Sol\u00e9 , el Presidente de la Junta Departamental Jos\u00e9 Felipe Bruno y el Jefe del Estado Mayor de la Div. Ejercito III coronel Luis Rodr\u00edguez. Est\u00e1 instancia finaliz\u00f3 con la marcha \u201cA mi Bandera\u201d interpretada por la Orquesta Tacuaremb\u00f3, coreada por los presentes y en una segunda ejecuci\u00f3n para el respectivo retiro de las delegaciones.<\/p>\n\n\n\n<iframe loading=\"lazy\" width=\"695\" height=\"391\" src=\"https:\/\/www.youtube.com\/embed\/cLGNcg3ILGs\" frameborder=\"0\" allow=\"accelerometer; autoplay; encrypted-media; gyroscope; picture-in-picture\" allowfullscreen><\/iframe>\n","protected":false},"excerpt":{"rendered":"<p>Unas 55 personas se inscribieron en lo previo ante la Comisi\u00f3n Patri\u00f3tica a los efectos de cumplir con este requerimiento en el marco del acto que se desarroll\u00f3 en Plaza 19 de abril, el tiempo acompa\u00f1\u00f3 para que se congregara un n\u00famero importante de instituciones p\u00fablicas y privadas con sus respectivos cuadros de honor a los efectos de recordar y rendir homenaje al pr\u00f3cer de la patria, el General Jos\u00e9 Artigas a 255 a\u00f1os de su natalicio<\/p>\n","protected":false},"author":3,"featured_media":3366,"comment_status":"open","ping_status":"open","sticky":false,"template":"","format":"standard","meta":{"_eb_attr":"","footnotes":""},"categories":[16],"tags":[],"class_list":{"0":"post-3365","1":"post","2":"type-post","3":"status-publish","4":"format-standard","5":"has-post-thumbnail","7":"category-noticias"},"_links":{"self":[{"href":"https:\/\/tacuarembo.gub.uy\/index.php?rest_route=\/wp\/v2\/posts\/3365","targetHints":{"allow":["GET"]}}],"collection":[{"href":"https:\/\/tacuarembo.gub.uy\/index.php?rest_route=\/wp\/v2\/posts"}],"about":[{"href":"https:\/\/tacuarembo.gub.uy\/index.php?rest_route=\/wp\/v2\/types\/post"}],"author":[{"embeddable":true,"href":"https:\/\/tacuarembo.gub.uy\/index.php?rest_route=\/wp\/v2\/users\/3"}],"replies":[{"embeddable":true,"href":"https:\/\/tacuarembo.gub.uy\/index.php?rest_route=%2Fwp%2Fv2%2Fcomments&post=3365"}],"version-history":[{"count":1,"href":"https:\/\/tacuarembo.gub.uy\/index.php?rest_route=\/wp\/v2\/posts\/3365\/revisions"}],"predecessor-version":[{"id":3367,"href":"https:\/\/tacuarembo.gub.uy\/index.php?rest_route=\/wp\/v2\/posts\/3365\/revisions\/3367"}],"wp:featuredmedia":[{"embeddable":true,"href":"https:\/\/tacuarembo.gub.uy\/index.php?rest_route=\/wp\/v2\/media\/3366"}],"wp:attachment":[{"href":"https:\/\/tacuarembo.gub.uy\/index.php?rest_route=%2Fwp%2Fv2%2Fmedia&parent=3365"}],"wp:term":[{"taxonomy":"category","embeddable":true,"href":"https:\/\/tacuarembo.gub.uy\/index.php?rest_route=%2Fwp%2Fv2%2Fcategories&post=3365"},{"taxonomy":"post_tag","embeddable":true,"href":"https:\/\/tacuarembo.gub.uy\/index.php?rest_route=%2Fwp%2Fv2%2Ftags&post=3365"}],"curies":[{"name":"wp","href":"https:\/\/api.w.org\/{rel}","templated":true}]}}