{"id":3355,"date":"2019-06-18T22:55:36","date_gmt":"2019-06-18T22:55:36","guid":{"rendered":"https:\/\/tacuarembo.gub.uy\/?p=3355"},"modified":"2019-06-18T22:55:36","modified_gmt":"2019-06-18T22:55:36","slug":"actividad-en-el-muart","status":"publish","type":"post","link":"https:\/\/tacuarembo.gub.uy\/?p=3355","title":{"rendered":"Actividad en el Muart"},"content":{"rendered":"\n<p>La\nIntendencia de Tacuaremb\u00f3 invita a toda la poblaci\u00f3n para la actividad que se\ndesarrollar\u00e1 en el Muart; la inauguraci\u00f3n ser\u00e1 el jueves 27 de junio a la hora\n19, \u201cRam\u00f3n Cuadra Cantera\u201d Los siete pecados capitales; Las m\u00e1scaras y Marcel\nMarceau visitante de mi taller; destacando que la misma continuar\u00e1 abierta al\np\u00fablico hasta el s\u00e1bado 20 de julio inclusive.<\/p>\n\n\n\n<figure class=\"wp-block-image\"><img loading=\"lazy\" decoding=\"async\" width=\"800\" height=\"420\" src=\"https:\/\/tacuarembo.gub.uy\/wp-content\/uploads\/WhatsApp-Image-2019-06-18-at-18.33.56-800x420.jpeg\" alt=\"\" class=\"wp-image-3357\"\/><\/figure>\n","protected":false},"excerpt":{"rendered":"<p>La Intendencia de Tacuaremb\u00f3 invita a toda la poblaci\u00f3n para la actividad que se desarrollar\u00e1 en el Muart; la inauguraci\u00f3n ser\u00e1 el jueves 27 de junio a la hora 19, \u201cRam\u00f3n Cuadra Cantera\u201d Los siete pecados capitales<\/p>\n","protected":false},"author":3,"featured_media":3356,"comment_status":"open","ping_status":"open","sticky":false,"template":"","format":"standard","meta":{"_eb_attr":"","footnotes":""},"categories":[16],"tags":[],"class_list":{"0":"post-3355","1":"post","2":"type-post","3":"status-publish","4":"format-standard","5":"has-post-thumbnail","7":"category-noticias"},"_links":{"self":[{"href":"https:\/\/tacuarembo.gub.uy\/index.php?rest_route=\/wp\/v2\/posts\/3355","targetHints":{"allow":["GET"]}}],"collection":[{"href":"https:\/\/tacuarembo.gub.uy\/index.php?rest_route=\/wp\/v2\/posts"}],"about":[{"href":"https:\/\/tacuarembo.gub.uy\/index.php?rest_route=\/wp\/v2\/types\/post"}],"author":[{"embeddable":true,"href":"https:\/\/tacuarembo.gub.uy\/index.php?rest_route=\/wp\/v2\/users\/3"}],"replies":[{"embeddable":true,"href":"https:\/\/tacuarembo.gub.uy\/index.php?rest_route=%2Fwp%2Fv2%2Fcomments&post=3355"}],"version-history":[{"count":1,"href":"https:\/\/tacuarembo.gub.uy\/index.php?rest_route=\/wp\/v2\/posts\/3355\/revisions"}],"predecessor-version":[{"id":3358,"href":"https:\/\/tacuarembo.gub.uy\/index.php?rest_route=\/wp\/v2\/posts\/3355\/revisions\/3358"}],"wp:featuredmedia":[{"embeddable":true,"href":"https:\/\/tacuarembo.gub.uy\/index.php?rest_route=\/wp\/v2\/media\/3356"}],"wp:attachment":[{"href":"https:\/\/tacuarembo.gub.uy\/index.php?rest_route=%2Fwp%2Fv2%2Fmedia&parent=3355"}],"wp:term":[{"taxonomy":"category","embeddable":true,"href":"https:\/\/tacuarembo.gub.uy\/index.php?rest_route=%2Fwp%2Fv2%2Fcategories&post=3355"},{"taxonomy":"post_tag","embeddable":true,"href":"https:\/\/tacuarembo.gub.uy\/index.php?rest_route=%2Fwp%2Fv2%2Ftags&post=3355"}],"curies":[{"name":"wp","href":"https:\/\/api.w.org\/{rel}","templated":true}]}}