{"id":32535,"date":"2025-08-26T18:37:32","date_gmt":"2025-08-26T21:37:32","guid":{"rendered":"https:\/\/tacuarembo.gub.uy\/?p=32535"},"modified":"2025-08-26T18:38:12","modified_gmt":"2025-08-26T21:38:12","slug":"presentaron-detalles-del-encuentro-danzarte-en-el-marco-del-mes-del-folclore","status":"publish","type":"post","link":"https:\/\/tacuarembo.gub.uy\/?p=32535","title":{"rendered":"Presentaron detalles del Encuentro \u201cDanzarte\u201d en el marco del Mes del Folclore"},"content":{"rendered":"\n<p>Con la participaci\u00f3n de autoridades, docentes y estudiantes, se realiz\u00f3 este martes 26 de agosto la presentaci\u00f3n del Encuentro \u201cDanzarte\u201d, una actividad organizada con el apoyo de la Direcci\u00f3n General de Educaci\u00f3n Inicial y Primaria y el Centro Cultural Tacuaremb\u00f3 de la Intendencia Departamental.<\/p>\n\n\n\n<p>La presentaci\u00f3n tuvo lugar en el Centro Cultural Tacuaremb\u00f3, que pasa a consolidarse como un espacio abierto, popular y de puertas abiertas a todas las expresiones art\u00edsticas. \u201cQueremos que este centro cultural tenga el porte que corresponde, integrando nuevas ense\u00f1anzas y propuestas descentralizadas a lo largo y ancho del departamento\u201d, se\u00f1al\u00f3 el director general de Educaci\u00f3n y Cultura, Ignacio Borad.<\/p>\n\n\n\n<figure class=\"wp-block-image size-large\"><img loading=\"lazy\" decoding=\"async\" width=\"747\" height=\"420\" src=\"https:\/\/tacuarembo.gub.uy\/wp-content\/uploads\/IMG-20250826-WA0052-747x420.jpg\" alt=\"\" class=\"wp-image-32536\" srcset=\"https:\/\/tacuarembo.gub.uy\/wp-content\/uploads\/IMG-20250826-WA0052-747x420.jpg 747w, https:\/\/tacuarembo.gub.uy\/wp-content\/uploads\/IMG-20250826-WA0052-320x180.jpg 320w, https:\/\/tacuarembo.gub.uy\/wp-content\/uploads\/IMG-20250826-WA0052-768x432.jpg 768w, https:\/\/tacuarembo.gub.uy\/wp-content\/uploads\/IMG-20250826-WA0052-1536x864.jpg 1536w, https:\/\/tacuarembo.gub.uy\/wp-content\/uploads\/IMG-20250826-WA0052.jpg 1600w\" sizes=\"auto, (max-width: 747px) 100vw, 747px\" \/><\/figure>\n\n\n\n<p>El evento, programado para el pr\u00f3ximo 29 de agosto, a las 14 horas, se enmarca en el Mes Internacional del Folclore y contar\u00e1 con la participaci\u00f3n de la Escuela de Arte y de diversas instituciones educativas del departamento. En esta edici\u00f3n se pondr\u00e1 el foco en el Bicentenario de la Declaratoria de la Independencia, tomando como referencia la obra de Juan Manuel Blanes Los Tres Chirip\u00e1.<\/p>\n\n\n\n<p>La muestra incluir\u00e1 representaciones de danza, vestimenta y distintos momentos de la historia plasmados en la pintura, adem\u00e1s de un cuadro viviente realizado por escolares, que dar\u00e1 inicio a la jornada, inform\u00f3 la directora de Cultura, Gheisa L\u00f3pez.<\/p>\n\n\n\n<p>Agreg\u00f3 que participar\u00e1n la Escuela N.\u00ba 6, 11, 13, 111, 136, 145, 157 y 161 -\u00e9sta \u00faltima como organizadora de la actividad- junto a los profesores de Educaci\u00f3n Art\u00edstica, Mar\u00eda Julia Machado y Mat\u00edas M\u00e9ndez, quienes destacaron el proceso de trabajo desarrollado durante el a\u00f1o con los estudiantes.<\/p>\n\n\n\n<p>\u201cEl encuentro es un espacio para compartir entre docentes, ni\u00f1os y familias. Lo que se mostrar\u00e1 el 29 es el resultado de un proceso sostenido en el tiempo, donde los verdaderos protagonistas son los alumnos\u201d, subray\u00f3 M\u00e9ndez.<\/p>\n\n\n\n<p>La propuesta se realizar\u00e1 en el patio del Centro Cultural Tacuaremb\u00f3 pero en caso de mal tiempo se trasladar\u00e1 a la Sala Brocco.<\/p>\n","protected":false},"excerpt":{"rendered":"<p>Con la participaci\u00f3n de autoridades, docentes y estudiantes, se realiz\u00f3 este martes 26 de agosto la presentaci\u00f3n del Encuentro \u201cDanzarte\u201d, una actividad organizada con el apoyo de la Direcci\u00f3n General de Educaci\u00f3n Inicial y Primaria y el Centro Cultural Tacuaremb\u00f3 de la Intendencia Departamental<\/p>\n","protected":false},"author":3,"featured_media":32536,"comment_status":"closed","ping_status":"closed","sticky":false,"template":"","format":"standard","meta":{"_eb_attr":"","footnotes":""},"categories":[18,16],"tags":[],"class_list":{"0":"post-32535","1":"post","2":"type-post","3":"status-publish","4":"format-standard","5":"has-post-thumbnail","7":"category-cultura","8":"category-noticias"},"_links":{"self":[{"href":"https:\/\/tacuarembo.gub.uy\/index.php?rest_route=\/wp\/v2\/posts\/32535","targetHints":{"allow":["GET"]}}],"collection":[{"href":"https:\/\/tacuarembo.gub.uy\/index.php?rest_route=\/wp\/v2\/posts"}],"about":[{"href":"https:\/\/tacuarembo.gub.uy\/index.php?rest_route=\/wp\/v2\/types\/post"}],"author":[{"embeddable":true,"href":"https:\/\/tacuarembo.gub.uy\/index.php?rest_route=\/wp\/v2\/users\/3"}],"replies":[{"embeddable":true,"href":"https:\/\/tacuarembo.gub.uy\/index.php?rest_route=%2Fwp%2Fv2%2Fcomments&post=32535"}],"version-history":[{"count":2,"href":"https:\/\/tacuarembo.gub.uy\/index.php?rest_route=\/wp\/v2\/posts\/32535\/revisions"}],"predecessor-version":[{"id":32538,"href":"https:\/\/tacuarembo.gub.uy\/index.php?rest_route=\/wp\/v2\/posts\/32535\/revisions\/32538"}],"wp:featuredmedia":[{"embeddable":true,"href":"https:\/\/tacuarembo.gub.uy\/index.php?rest_route=\/wp\/v2\/media\/32536"}],"wp:attachment":[{"href":"https:\/\/tacuarembo.gub.uy\/index.php?rest_route=%2Fwp%2Fv2%2Fmedia&parent=32535"}],"wp:term":[{"taxonomy":"category","embeddable":true,"href":"https:\/\/tacuarembo.gub.uy\/index.php?rest_route=%2Fwp%2Fv2%2Fcategories&post=32535"},{"taxonomy":"post_tag","embeddable":true,"href":"https:\/\/tacuarembo.gub.uy\/index.php?rest_route=%2Fwp%2Fv2%2Ftags&post=32535"}],"curies":[{"name":"wp","href":"https:\/\/api.w.org\/{rel}","templated":true}]}}