{"id":32396,"date":"2025-08-13T22:14:37","date_gmt":"2025-08-14T01:14:37","guid":{"rendered":"https:\/\/tacuarembo.gub.uy\/?p=32396"},"modified":"2025-08-13T22:14:40","modified_gmt":"2025-08-14T01:14:40","slug":"teatro-escayola-se-transformara-en-centro-cultural-e-integrara-museos-y-arte-en-un-solo-paseo","status":"publish","type":"post","link":"https:\/\/tacuarembo.gub.uy\/?p=32396","title":{"rendered":"Teatro Escayola se transformar\u00e1 en Centro Cultural e integrar\u00e1 museos y arte en un solo paseo"},"content":{"rendered":"\n<p>El hist\u00f3rico Teatro Escayola de Tacuaremb\u00f3, \u00edcono de la vida cultural del departamento. A fines de agosto se convertir\u00e1 en el Centro Cultural Escayola, integrando bajo una misma gesti\u00f3n al propio teatro, el Museo del Gaucho y el Museo de Arte de Tacuaremb\u00f3 (MuArt).<\/p>\n\n\n\n<p>La propuesta busca ofrecer una experiencia moderna, interactiva y pensada para que la comunidad no solo visite, sino que habite el arte.<\/p>\n\n\n\n<p>La directora del nuevo centro, Matilde Vera, destac\u00f3 que la iniciativa apunta a \u201cque la gente habite los museos igual que habita el teatro\u201d. Con este cambio, el Museo del Gaucho -reconocido por su valiosa colecci\u00f3n de plater\u00eda criolla, vestimenta, mobiliario y objetos de \u00e9poca- incorporar\u00e1 actividades como charlas, presentaciones de libros y propuestas vinculadas a la tradici\u00f3n, en coordinaci\u00f3n con la Comisi\u00f3n de la Patria Gaucha. \u201cQueremos que no sea solo un lugar para mirar, sino para interactuar, aprender y compartir\u201d, afirm\u00f3.<\/p>\n\n\n\n<p>En tanto, el MuArt renovar\u00e1 su formato con salas tem\u00e1ticas y exposiciones itinerantes de alto nivel. Entre las pr\u00f3ximas muestras se destacan Osvaldo Leite. Artista de dos mundos, que llega desde el Museo Nacional de Artes Visuales, y La Milonga es hija del candombe, as\u00ed como el tango es hijo de la milonga, que se inaugurar\u00e1 el 3 de diciembre y estar\u00e1 dedicada a figuras de la m\u00fasica uruguaya.<\/p>\n\n\n\n<figure class=\"wp-block-image size-large\"><img loading=\"lazy\" decoding=\"async\" width=\"630\" height=\"420\" src=\"https:\/\/tacuarembo.gub.uy\/wp-content\/uploads\/1000031362-630x420.jpg\" alt=\"\" class=\"wp-image-32397\" srcset=\"https:\/\/tacuarembo.gub.uy\/wp-content\/uploads\/1000031362-630x420.jpg 630w, https:\/\/tacuarembo.gub.uy\/wp-content\/uploads\/1000031362-320x213.jpg 320w, https:\/\/tacuarembo.gub.uy\/wp-content\/uploads\/1000031362-768x512.jpg 768w, https:\/\/tacuarembo.gub.uy\/wp-content\/uploads\/1000031362-900x600.jpg 900w, https:\/\/tacuarembo.gub.uy\/wp-content\/uploads\/1000031362.jpg 1024w\" sizes=\"auto, (max-width: 630px) 100vw, 630px\" \/><\/figure>\n\n\n\n<p>El proyecto tambi\u00e9n contempla talleres, masterclasses y propuestas especiales para ni\u00f1os, con material pedag\u00f3gico adaptado. \u201cPasamos de museos de primera generaci\u00f3n, que eran solo para observar, a museos de segunda generaci\u00f3n, donde hay interacci\u00f3n, bibliotecas tem\u00e1ticas y actividades\u201d, explic\u00f3 Vera.<\/p>\n\n\n\n<p>Los tres espacios estar\u00e1n conectados f\u00edsicamente, permitiendo un recorrido continuo que incluir\u00e1 el teatro, los museos, la cafeter\u00eda y la tienda, en un \u00fanico paseo cultural.<\/p>\n","protected":false},"excerpt":{"rendered":"<p>El hist\u00f3rico Teatro Escayola de Tacuaremb\u00f3, \u00edcono de la vida cultural del departamento. A fines de agosto se convertir\u00e1 en el Centro Cultural Escayola, integrando bajo una misma gesti\u00f3n al propio teatro, el Museo del Gaucho y el Museo de Arte de Tacuaremb\u00f3 (MuArt<\/p>\n","protected":false},"author":3,"featured_media":32397,"comment_status":"closed","ping_status":"closed","sticky":false,"template":"","format":"standard","meta":{"_eb_attr":"","footnotes":""},"categories":[18,16],"tags":[],"class_list":{"0":"post-32396","1":"post","2":"type-post","3":"status-publish","4":"format-standard","5":"has-post-thumbnail","7":"category-cultura","8":"category-noticias"},"_links":{"self":[{"href":"https:\/\/tacuarembo.gub.uy\/index.php?rest_route=\/wp\/v2\/posts\/32396","targetHints":{"allow":["GET"]}}],"collection":[{"href":"https:\/\/tacuarembo.gub.uy\/index.php?rest_route=\/wp\/v2\/posts"}],"about":[{"href":"https:\/\/tacuarembo.gub.uy\/index.php?rest_route=\/wp\/v2\/types\/post"}],"author":[{"embeddable":true,"href":"https:\/\/tacuarembo.gub.uy\/index.php?rest_route=\/wp\/v2\/users\/3"}],"replies":[{"embeddable":true,"href":"https:\/\/tacuarembo.gub.uy\/index.php?rest_route=%2Fwp%2Fv2%2Fcomments&post=32396"}],"version-history":[{"count":1,"href":"https:\/\/tacuarembo.gub.uy\/index.php?rest_route=\/wp\/v2\/posts\/32396\/revisions"}],"predecessor-version":[{"id":32398,"href":"https:\/\/tacuarembo.gub.uy\/index.php?rest_route=\/wp\/v2\/posts\/32396\/revisions\/32398"}],"wp:featuredmedia":[{"embeddable":true,"href":"https:\/\/tacuarembo.gub.uy\/index.php?rest_route=\/wp\/v2\/media\/32397"}],"wp:attachment":[{"href":"https:\/\/tacuarembo.gub.uy\/index.php?rest_route=%2Fwp%2Fv2%2Fmedia&parent=32396"}],"wp:term":[{"taxonomy":"category","embeddable":true,"href":"https:\/\/tacuarembo.gub.uy\/index.php?rest_route=%2Fwp%2Fv2%2Fcategories&post=32396"},{"taxonomy":"post_tag","embeddable":true,"href":"https:\/\/tacuarembo.gub.uy\/index.php?rest_route=%2Fwp%2Fv2%2Ftags&post=32396"}],"curies":[{"name":"wp","href":"https:\/\/api.w.org\/{rel}","templated":true}]}}