{"id":32309,"date":"2025-08-06T15:42:05","date_gmt":"2025-08-06T18:42:05","guid":{"rendered":"https:\/\/tacuarembo.gub.uy\/?p=32309"},"modified":"2025-08-06T15:42:07","modified_gmt":"2025-08-06T18:42:07","slug":"mes-de-la-afrodescendencia-cerrara-con-un-desfile-de-llamadas-en-tacuarembo","status":"publish","type":"post","link":"https:\/\/tacuarembo.gub.uy\/?p=32309","title":{"rendered":"Mes de la Afrodescendencia cerrar\u00e1 con un Desfile de Llamadas en Tacuaremb\u00f3"},"content":{"rendered":"\n<p>Ser\u00e1 el s\u00e1bado 9 de agosto, desde las 18 horas, en el marco de las actividades del Mes de la Afrodescendencia. El recorrido comenzar\u00e1 en el Centro Cultural -ubicado en la intersecci\u00f3n de Ituzaing\u00f3 y la Rambla- y finalizar\u00e1 en la Casa de la Cultura -Treinta y Tres y Sarand\u00ed-.<\/p>\n\n\n\n<p>El p\u00fablico podr\u00e1 disfrutar de una instancia de ritmo, cultura y tradici\u00f3n popular. Estar\u00e1n presentes:<\/p>\n\n\n\n<p>-Makena<\/p>\n\n\n\n<p>-Lonjas Bohemias<\/p>\n\n\n\n<p>-La Bant\u00fa<\/p>\n\n\n\n<p>-La Nueva Era<\/p>\n\n\n\n<p>-Lonjas del San Gabriel<\/p>\n\n\n\n<p>-Simba<\/p>\n\n\n\n<p>-La Tribu<\/p>\n\n\n\n<p>-Timbocan<\/p>\n\n\n\n<div class=\"wp-block-image-gallery-block-image-gallery-block\"><div class=\"eb-parent-wrapper eb-parent-eb-image-gallery-32x6q \"><div class=\"eb-gallery-img-wrapper eb-image-gallery-32x6q grid overlay-bottom caption-style-0   no-isotope \" data-id=\"eb-image-gallery-32x6q\"><a href=\"https:\/\/tacuarembo.gub.uy\/wp-content\/uploads\/1000029586.jpg\" rel=\"noopener\" data-fslightbox=\"gallery\" data-type=\"image\" class=\"eb-gallery-img-content eb-filter-img-\"><span class=\"eb-gallery-link-wrapper\"><img decoding=\"async\" class=\"eb-gallery-img\" src=\"https:\/\/tacuarembo.gub.uy\/wp-content\/uploads\/1000029586.jpg\" image-index=\"0\" alt=\"\"\/><\/span><\/a><a href=\"https:\/\/tacuarembo.gub.uy\/wp-content\/uploads\/1000029585.jpg\" rel=\"noopener\" data-fslightbox=\"gallery\" data-type=\"image\" class=\"eb-gallery-img-content eb-filter-img-\"><span class=\"eb-gallery-link-wrapper\"><img decoding=\"async\" class=\"eb-gallery-img\" src=\"https:\/\/tacuarembo.gub.uy\/wp-content\/uploads\/1000029585.jpg\" image-index=\"1\" alt=\"\"\/><\/span><\/a><a href=\"https:\/\/tacuarembo.gub.uy\/wp-content\/uploads\/1000029584.jpg\" rel=\"noopener\" data-fslightbox=\"gallery\" data-type=\"image\" class=\"eb-gallery-img-content eb-filter-img-\"><span class=\"eb-gallery-link-wrapper\"><img decoding=\"async\" class=\"eb-gallery-img\" src=\"https:\/\/tacuarembo.gub.uy\/wp-content\/uploads\/1000029584.jpg\" image-index=\"2\" alt=\"\"\/><\/span><\/a><a href=\"https:\/\/tacuarembo.gub.uy\/wp-content\/uploads\/1000029583.jpg\" rel=\"noopener\" data-fslightbox=\"gallery\" data-type=\"image\" class=\"eb-gallery-img-content eb-filter-img-\"><span class=\"eb-gallery-link-wrapper\"><img decoding=\"async\" class=\"eb-gallery-img\" src=\"https:\/\/tacuarembo.gub.uy\/wp-content\/uploads\/1000029583.jpg\" image-index=\"3\" alt=\"\"\/><\/span><\/a><a href=\"https:\/\/tacuarembo.gub.uy\/wp-content\/uploads\/1000029582.jpg\" rel=\"noopener\" data-fslightbox=\"gallery\" data-type=\"image\" class=\"eb-gallery-img-content eb-filter-img-\"><span class=\"eb-gallery-link-wrapper\"><img decoding=\"async\" class=\"eb-gallery-img\" src=\"https:\/\/tacuarembo.gub.uy\/wp-content\/uploads\/1000029582.jpg\" image-index=\"4\" alt=\"\"\/><\/span><\/a><a href=\"https:\/\/tacuarembo.gub.uy\/wp-content\/uploads\/1000029581.jpg\" rel=\"noopener\" data-fslightbox=\"gallery\" data-type=\"image\" class=\"eb-gallery-img-content eb-filter-img-\"><span class=\"eb-gallery-link-wrapper\"><img decoding=\"async\" class=\"eb-gallery-img\" src=\"https:\/\/tacuarembo.gub.uy\/wp-content\/uploads\/1000029581.jpg\" image-index=\"5\" alt=\"\"\/><\/span><\/a><\/div><\/div><\/div>\n","protected":false},"excerpt":{"rendered":"<p>Ser\u00e1 el s\u00e1bado 9 de agosto, desde las 18 horas, en el marco de las actividades del Mes de la Afrodescendencia. El recorrido comenzar\u00e1 en el Centro Cultural -ubicado en la intersecci\u00f3n de Ituzaing\u00f3 y la Rambla- y finalizar\u00e1 en la Casa de la Cultura -Treinta y Tres y Sarand\u00ed<\/p>\n","protected":false},"author":3,"featured_media":32311,"comment_status":"closed","ping_status":"closed","sticky":false,"template":"","format":"standard","meta":{"_eb_attr":"","footnotes":""},"categories":[18,16],"tags":[],"class_list":{"0":"post-32309","1":"post","2":"type-post","3":"status-publish","4":"format-standard","5":"has-post-thumbnail","7":"category-cultura","8":"category-noticias"},"_links":{"self":[{"href":"https:\/\/tacuarembo.gub.uy\/index.php?rest_route=\/wp\/v2\/posts\/32309","targetHints":{"allow":["GET"]}}],"collection":[{"href":"https:\/\/tacuarembo.gub.uy\/index.php?rest_route=\/wp\/v2\/posts"}],"about":[{"href":"https:\/\/tacuarembo.gub.uy\/index.php?rest_route=\/wp\/v2\/types\/post"}],"author":[{"embeddable":true,"href":"https:\/\/tacuarembo.gub.uy\/index.php?rest_route=\/wp\/v2\/users\/3"}],"replies":[{"embeddable":true,"href":"https:\/\/tacuarembo.gub.uy\/index.php?rest_route=%2Fwp%2Fv2%2Fcomments&post=32309"}],"version-history":[{"count":1,"href":"https:\/\/tacuarembo.gub.uy\/index.php?rest_route=\/wp\/v2\/posts\/32309\/revisions"}],"predecessor-version":[{"id":32316,"href":"https:\/\/tacuarembo.gub.uy\/index.php?rest_route=\/wp\/v2\/posts\/32309\/revisions\/32316"}],"wp:featuredmedia":[{"embeddable":true,"href":"https:\/\/tacuarembo.gub.uy\/index.php?rest_route=\/wp\/v2\/media\/32311"}],"wp:attachment":[{"href":"https:\/\/tacuarembo.gub.uy\/index.php?rest_route=%2Fwp%2Fv2%2Fmedia&parent=32309"}],"wp:term":[{"taxonomy":"category","embeddable":true,"href":"https:\/\/tacuarembo.gub.uy\/index.php?rest_route=%2Fwp%2Fv2%2Fcategories&post=32309"},{"taxonomy":"post_tag","embeddable":true,"href":"https:\/\/tacuarembo.gub.uy\/index.php?rest_route=%2Fwp%2Fv2%2Ftags&post=32309"}],"curies":[{"name":"wp","href":"https:\/\/api.w.org\/{rel}","templated":true}]}}