{"id":32296,"date":"2025-08-05T10:35:26","date_gmt":"2025-08-05T13:35:26","guid":{"rendered":"https:\/\/tacuarembo.gub.uy\/?p=32296"},"modified":"2025-08-05T10:35:53","modified_gmt":"2025-08-05T13:35:53","slug":"intendencia-acompano-propuesta-cultural-en-el-centro-de-barrio-no-1","status":"publish","type":"post","link":"https:\/\/tacuarembo.gub.uy\/?p=32296","title":{"rendered":"Intendencia acompa\u00f1\u00f3 propuesta cultural en el Centro de Barrio N\u00ba 1"},"content":{"rendered":"\n<p><\/p>\n\n\n\n<p>El director general de Cultura de la Intendencia de Tacuaremb\u00f3, Ignacio Borad, y el director general de Desarrollo Social, Jorge Castelli, participaron de la actividad denominada \u201cCaf\u00e9 literario\u201d en el Centro de Barrio N\u00ba 1, una iniciativa impulsada por la Comisi\u00f3n Ejecutiva.<\/p>\n\n\n\n<p>Durante la actividad, se comparti\u00f3 un espacio de di\u00e1logo e intercambio en torno a textos de diversos autores, promoviendo la lectura en un ambiente distendido y comunitario.<\/p>\n\n\n\n<figure class=\"wp-block-image size-large\"><img loading=\"lazy\" decoding=\"async\" width=\"745\" height=\"420\" src=\"https:\/\/tacuarembo.gub.uy\/wp-content\/uploads\/IMG-20250805-WA0012-745x420.jpg\" alt=\"\" class=\"wp-image-32297\" srcset=\"https:\/\/tacuarembo.gub.uy\/wp-content\/uploads\/IMG-20250805-WA0012-745x420.jpg 745w, https:\/\/tacuarembo.gub.uy\/wp-content\/uploads\/IMG-20250805-WA0012-320x180.jpg 320w, https:\/\/tacuarembo.gub.uy\/wp-content\/uploads\/IMG-20250805-WA0012-768x433.jpg 768w, https:\/\/tacuarembo.gub.uy\/wp-content\/uploads\/IMG-20250805-WA0012.jpg 1290w\" sizes=\"auto, (max-width: 745px) 100vw, 745px\" \/><\/figure>\n\n\n\n<p>\u201cLo importante es la integraci\u00f3n y que la Intendencia de Tacuaremb\u00f3 respalde este tipo de iniciativas, ni m\u00e1s ni menos que en la biblioteca del barrio\u201d, expres\u00f3 Borad.<\/p>\n\n\n\n<p>Tambi\u00e9n subray\u00f3 el compromiso del gobierno departamental con el fomento de actividades culturales en los diferentes barrios de la ciudad. \u201cEstamos dispuestos a colaborar con ideas y recursos porque sabemos que el intendente valora la participaci\u00f3n vecinal en los espacios culturales\u201d.<\/p>\n","protected":false},"excerpt":{"rendered":"<p>El director general de Cultura de la Intendencia de Tacuaremb\u00f3, Ignacio Borad, y el director general de Desarrollo Social, Jorge Castelli, participaron de la actividad denominada \u201cCaf\u00e9 literario\u201d en el Centro de Barrio N\u00ba 1, una iniciativa impulsada por la Comisi\u00f3n Ejecutiva<\/p>\n","protected":false},"author":3,"featured_media":32297,"comment_status":"closed","ping_status":"closed","sticky":false,"template":"","format":"standard","meta":{"_eb_attr":"","footnotes":""},"categories":[18,16],"tags":[],"class_list":{"0":"post-32296","1":"post","2":"type-post","3":"status-publish","4":"format-standard","5":"has-post-thumbnail","7":"category-cultura","8":"category-noticias"},"_links":{"self":[{"href":"https:\/\/tacuarembo.gub.uy\/index.php?rest_route=\/wp\/v2\/posts\/32296","targetHints":{"allow":["GET"]}}],"collection":[{"href":"https:\/\/tacuarembo.gub.uy\/index.php?rest_route=\/wp\/v2\/posts"}],"about":[{"href":"https:\/\/tacuarembo.gub.uy\/index.php?rest_route=\/wp\/v2\/types\/post"}],"author":[{"embeddable":true,"href":"https:\/\/tacuarembo.gub.uy\/index.php?rest_route=\/wp\/v2\/users\/3"}],"replies":[{"embeddable":true,"href":"https:\/\/tacuarembo.gub.uy\/index.php?rest_route=%2Fwp%2Fv2%2Fcomments&post=32296"}],"version-history":[{"count":2,"href":"https:\/\/tacuarembo.gub.uy\/index.php?rest_route=\/wp\/v2\/posts\/32296\/revisions"}],"predecessor-version":[{"id":32299,"href":"https:\/\/tacuarembo.gub.uy\/index.php?rest_route=\/wp\/v2\/posts\/32296\/revisions\/32299"}],"wp:featuredmedia":[{"embeddable":true,"href":"https:\/\/tacuarembo.gub.uy\/index.php?rest_route=\/wp\/v2\/media\/32297"}],"wp:attachment":[{"href":"https:\/\/tacuarembo.gub.uy\/index.php?rest_route=%2Fwp%2Fv2%2Fmedia&parent=32296"}],"wp:term":[{"taxonomy":"category","embeddable":true,"href":"https:\/\/tacuarembo.gub.uy\/index.php?rest_route=%2Fwp%2Fv2%2Fcategories&post=32296"},{"taxonomy":"post_tag","embeddable":true,"href":"https:\/\/tacuarembo.gub.uy\/index.php?rest_route=%2Fwp%2Fv2%2Ftags&post=32296"}],"curies":[{"name":"wp","href":"https:\/\/api.w.org\/{rel}","templated":true}]}}