{"id":32283,"date":"2025-08-05T09:50:39","date_gmt":"2025-08-05T12:50:39","guid":{"rendered":"https:\/\/tacuarembo.gub.uy\/?p=32283"},"modified":"2025-08-05T10:33:08","modified_gmt":"2025-08-05T13:33:08","slug":"direccion-de-cultura-destaco-el-crecimiento-del-carnaval-en-tacuarembo-y-proyecta-nuevas-propuestas","status":"publish","type":"post","link":"https:\/\/tacuarembo.gub.uy\/?p=32283","title":{"rendered":"Direcci\u00f3n de Cultura destac\u00f3 el crecimiento del carnaval en Tacuaremb\u00f3 y proyecta nuevas propuestas"},"content":{"rendered":"\n<p><\/p>\n\n\n\n<p>El director general de Cultura de la IDT, Ignacio Borad, se refiri\u00f3 al crecimiento sostenido que ha tenido el carnaval en los \u00faltimos a\u00f1os, destacando el trabajo articulado entre la Comisi\u00f3n de Carnaval, las agrupaciones y el respaldo brindado por las autoridades departamentales.<\/p>\n\n\n\n<p>\u201cEste crecimiento es resultado del compromiso de la comisi\u00f3n, de las agrupaciones que han tomado conciencia sobre la importancia de mostrar calidad y del apoyo econ\u00f3mico de la Intendencia\u201d, expres\u00f3. En esa l\u00ednea, tambi\u00e9n valor\u00f3 positivamente la participaci\u00f3n en los talleres y actividades que se desarrollan en el marco del Mes Afro, como parte de una pol\u00edtica cultural inclusiva y descentralizada.<\/p>\n\n\n\n<p>En cuanto a la agenda de la Direcci\u00f3n General de Cultura, el jerarca inform\u00f3 que ya se presentaron varias propuestas al intendente Wilson Ezquerra, como parte de la planificaci\u00f3n que se viene desarrollando de cara a los pr\u00f3ximos meses. Entre los proyectos destacados, mencion\u00f3 la creaci\u00f3n del sello editorial IDT, que busca promover la producci\u00f3n literaria local; la implementaci\u00f3n de estudios art\u00edsticos avanzados para que ni\u00f1os egresados de la Escuela de Arte de Primaria puedan continuar su formaci\u00f3n en la Casa de la Cultura con aval del Ministerio de Educaci\u00f3n y Cultura; clases de apoyo educativo en los Centros de Barrio; propuestas de folclore y danza; y acciones vinculadas a la protecci\u00f3n y promoci\u00f3n del patrimonio.<\/p>\n\n\n\n<div class=\"wp-block-image-gallery-block-image-gallery-block\"><div class=\"eb-parent-wrapper eb-parent-eb-image-gallery-c0589 \"><div class=\"eb-gallery-img-wrapper eb-image-gallery-c0589 grid overlay-bottom caption-style-0   no-isotope \" data-id=\"eb-image-gallery-c0589\"><a href=\"https:\/\/tacuarembo.gub.uy\/wp-content\/uploads\/1000029273.jpg\" rel=\"noopener\" data-fslightbox=\"gallery\" data-type=\"image\" class=\"eb-gallery-img-content eb-filter-img-\"><span class=\"eb-gallery-link-wrapper\"><img decoding=\"async\" class=\"eb-gallery-img\" src=\"https:\/\/tacuarembo.gub.uy\/wp-content\/uploads\/1000029273.jpg\" image-index=\"0\" alt=\"\"\/><\/span><\/a><a href=\"https:\/\/tacuarembo.gub.uy\/wp-content\/uploads\/1000029274.jpg\" rel=\"noopener\" data-fslightbox=\"gallery\" data-type=\"image\" class=\"eb-gallery-img-content eb-filter-img-\"><span class=\"eb-gallery-link-wrapper\"><img decoding=\"async\" class=\"eb-gallery-img\" src=\"https:\/\/tacuarembo.gub.uy\/wp-content\/uploads\/1000029274.jpg\" image-index=\"1\" alt=\"\"\/><\/span><\/a><a href=\"https:\/\/tacuarembo.gub.uy\/wp-content\/uploads\/1000029275.jpg\" rel=\"noopener\" data-fslightbox=\"gallery\" data-type=\"image\" class=\"eb-gallery-img-content eb-filter-img-\"><span class=\"eb-gallery-link-wrapper\"><img decoding=\"async\" class=\"eb-gallery-img\" src=\"https:\/\/tacuarembo.gub.uy\/wp-content\/uploads\/1000029275.jpg\" image-index=\"2\" alt=\"\"\/><\/span><\/a><a href=\"https:\/\/tacuarembo.gub.uy\/wp-content\/uploads\/1000029276.jpg\" rel=\"noopener\" data-fslightbox=\"gallery\" data-type=\"image\" class=\"eb-gallery-img-content eb-filter-img-\"><span class=\"eb-gallery-link-wrapper\"><img decoding=\"async\" class=\"eb-gallery-img\" src=\"https:\/\/tacuarembo.gub.uy\/wp-content\/uploads\/1000029276.jpg\" image-index=\"3\" alt=\"\"\/><\/span><\/a><a href=\"https:\/\/tacuarembo.gub.uy\/wp-content\/uploads\/1000029278.jpg\" rel=\"noopener\" data-fslightbox=\"gallery\" data-type=\"image\" class=\"eb-gallery-img-content eb-filter-img-\"><span class=\"eb-gallery-link-wrapper\"><img decoding=\"async\" class=\"eb-gallery-img\" src=\"https:\/\/tacuarembo.gub.uy\/wp-content\/uploads\/1000029278.jpg\" image-index=\"4\" alt=\"\"\/><\/span><\/a><\/div><\/div><\/div>\n","protected":false},"excerpt":{"rendered":"<p>El director general de Cultura de la IDT, Ignacio Borad, se refiri\u00f3 al crecimiento sostenido que ha tenido el carnaval en los \u00faltimos a\u00f1os, destacando el trabajo articulado entre la Comisi\u00f3n de Carnaval, las agrupaciones y el respaldo brindado por las autoridades departamentales.<\/p>\n","protected":false},"author":3,"featured_media":32288,"comment_status":"closed","ping_status":"closed","sticky":false,"template":"","format":"standard","meta":{"_eb_attr":"","footnotes":""},"categories":[18,16],"tags":[],"class_list":{"0":"post-32283","1":"post","2":"type-post","3":"status-publish","4":"format-standard","5":"has-post-thumbnail","7":"category-cultura","8":"category-noticias"},"_links":{"self":[{"href":"https:\/\/tacuarembo.gub.uy\/index.php?rest_route=\/wp\/v2\/posts\/32283","targetHints":{"allow":["GET"]}}],"collection":[{"href":"https:\/\/tacuarembo.gub.uy\/index.php?rest_route=\/wp\/v2\/posts"}],"about":[{"href":"https:\/\/tacuarembo.gub.uy\/index.php?rest_route=\/wp\/v2\/types\/post"}],"author":[{"embeddable":true,"href":"https:\/\/tacuarembo.gub.uy\/index.php?rest_route=\/wp\/v2\/users\/3"}],"replies":[{"embeddable":true,"href":"https:\/\/tacuarembo.gub.uy\/index.php?rest_route=%2Fwp%2Fv2%2Fcomments&post=32283"}],"version-history":[{"count":3,"href":"https:\/\/tacuarembo.gub.uy\/index.php?rest_route=\/wp\/v2\/posts\/32283\/revisions"}],"predecessor-version":[{"id":32294,"href":"https:\/\/tacuarembo.gub.uy\/index.php?rest_route=\/wp\/v2\/posts\/32283\/revisions\/32294"}],"wp:featuredmedia":[{"embeddable":true,"href":"https:\/\/tacuarembo.gub.uy\/index.php?rest_route=\/wp\/v2\/media\/32288"}],"wp:attachment":[{"href":"https:\/\/tacuarembo.gub.uy\/index.php?rest_route=%2Fwp%2Fv2%2Fmedia&parent=32283"}],"wp:term":[{"taxonomy":"category","embeddable":true,"href":"https:\/\/tacuarembo.gub.uy\/index.php?rest_route=%2Fwp%2Fv2%2Fcategories&post=32283"},{"taxonomy":"post_tag","embeddable":true,"href":"https:\/\/tacuarembo.gub.uy\/index.php?rest_route=%2Fwp%2Fv2%2Ftags&post=32283"}],"curies":[{"name":"wp","href":"https:\/\/api.w.org\/{rel}","templated":true}]}}