{"id":32149,"date":"2025-07-24T16:15:53","date_gmt":"2025-07-24T19:15:53","guid":{"rendered":"https:\/\/tacuarembo.gub.uy\/?p=32149"},"modified":"2025-07-24T16:36:17","modified_gmt":"2025-07-24T19:36:17","slug":"tacuarembo-celebra-el-mes-afro-con-una-nutrida-agenda","status":"publish","type":"post","link":"https:\/\/tacuarembo.gub.uy\/?p=32149","title":{"rendered":"Tacuaremb\u00f3 celebra el Mes Afro con una nutrida agenda"},"content":{"rendered":"\n<p>La Intendencia de Tacuaremb\u00f3, en coordinaci\u00f3n con las sociedades de negros y lubolos, actores locales del candombe e instituciones, present\u00f3 el cronograma de actividades para conmemorar el Mes de la Afrodescendencia. La propuesta busca visibilizar la historia, la cultura y los aportes de la comunidad afro a la identidad del departamento.<\/p>\n\n\n\n<p>El director de Deportes, Turismo y Juventud, Camilo Guti\u00e9rrez, destac\u00f3 que este trabajo interinstitucional se ha logrado gracias al compromiso de diversos colectivos locales y el acompa\u00f1amiento del Instituto Nacional de la Mujer, lo cual permitir\u00e1 obtener nuevos datos sobre la poblaci\u00f3n afrodescendiente en Tacuaremb\u00f3.<\/p>\n\n\n\n<p>Por su parte, Ignacio Borad, director de Educaci\u00f3n y Cultura, subray\u00f3 que en las \u00faltimas d\u00e9cadas el pa\u00eds ha comenzado a reconocer la importancia de comunidades tradicionalmente invisibilizadas. \u201cSe avanz\u00f3 en respaldar expresiones culturales con fuerte contenido hist\u00f3rico\u201d, afirm\u00f3.<\/p>\n\n\n\n<p>Desde el \u00e1rea de Juventud, la directora Cynthia Costabel indic\u00f3 que el cronograma de actividades fue elaborado en conjunto con agrupaciones afros e instituciones. El mismo se extender\u00e1 entre fines de julio y mediados de agosto. Incluir\u00e1 talleres, charlas y un desfile de llamadas, entre otras iniciativas.<\/p>\n\n\n\n<p>En representaci\u00f3n de las comparsas locales, N\u00e9stor \u201cTula\u201d N\u00fa\u00f1ez y Alfredo de los Santos destacaron el prop\u00f3sito de compartir conocimientos y contribuir activamente a la construcci\u00f3n cultural del departamento.<\/p>\n\n\n\n<p>Se aclara que hay actividades con cupos limitados, los interesados pueden comunicarse al 4632 4671 (interno 282), al 091 989 928 o acercarse a la Casa de la Cultura.<\/p>\n\n\n\n<p><strong>Calendario<\/strong><\/p>\n\n\n\n<p>26 de julio: Taller de gramilla a cargo de Jimena Viera.<\/p>\n\n\n\n<p>29 de julio: Charla \u201cDesaf\u00edo de la mujer afrodescendiente\u201d a cargo de INMUJERES. Lugar: Polo Tecnol\u00f3gico.<\/p>\n\n\n\n<p>2 de agosto: Taller de danza candombe a cargo de Paola Sol Correa.<\/p>\n\n\n\n<p>3 de agosto: Taller sobre banderas, estandartes y s\u00edmbolos a cargo de Bettina Chopitea.<\/p>\n\n\n\n<p>9 de agosto: Gran desfile de llamadas conmemorando el Mes Afro.<\/p>\n\n\n\n<p>12 de agosto: Charla del Dr. Eduardo Palermo: \u201cAfro-fronterizos en la segunda mitad del siglo XIX\u201d. Lugar: Instituto de Formaci\u00f3n Docente.<\/p>\n\n\n\n<p>5, 7, 12 y 14 de agosto: Talleres de construcci\u00f3n y reparaci\u00f3n de tambores a cargo de N\u00e9stor N\u00fa\u00f1ez.<\/p>\n\n\n\n<div class=\"wp-block-image-gallery-block-image-gallery-block\"><div class=\"eb-parent-wrapper eb-parent-eb-image-gallery-4yujv \"><div class=\"eb-gallery-img-wrapper eb-image-gallery-4yujv grid overlay-bottom caption-style-0   no-isotope \" data-id=\"eb-image-gallery-4yujv\"><a href=\"https:\/\/tacuarembo.gub.uy\/wp-content\/uploads\/WhatsApp-Image-2025-07-24-at-15.36.17.jpeg\" rel=\"noopener\" data-fslightbox=\"gallery\" data-type=\"image\" class=\"eb-gallery-img-content eb-filter-img-\"><span class=\"eb-gallery-link-wrapper\"><img decoding=\"async\" class=\"eb-gallery-img\" src=\"https:\/\/tacuarembo.gub.uy\/wp-content\/uploads\/WhatsApp-Image-2025-07-24-at-15.36.17.jpeg\" image-index=\"0\" alt=\"\"\/><\/span><\/a><a href=\"https:\/\/tacuarembo.gub.uy\/wp-content\/uploads\/WhatsApp-Image-2025-07-24-at-15.36.161.jpeg\" rel=\"noopener\" data-fslightbox=\"gallery\" data-type=\"image\" class=\"eb-gallery-img-content eb-filter-img-\"><span class=\"eb-gallery-link-wrapper\"><img decoding=\"async\" class=\"eb-gallery-img\" src=\"https:\/\/tacuarembo.gub.uy\/wp-content\/uploads\/WhatsApp-Image-2025-07-24-at-15.36.161.jpeg\" image-index=\"1\" alt=\"\"\/><\/span><\/a><a href=\"https:\/\/tacuarembo.gub.uy\/wp-content\/uploads\/WhatsApp-Image-2025-07-24-at-15.36.16.jpeg\" rel=\"noopener\" data-fslightbox=\"gallery\" data-type=\"image\" class=\"eb-gallery-img-content eb-filter-img-\"><span class=\"eb-gallery-link-wrapper\"><img decoding=\"async\" class=\"eb-gallery-img\" src=\"https:\/\/tacuarembo.gub.uy\/wp-content\/uploads\/WhatsApp-Image-2025-07-24-at-15.36.16.jpeg\" image-index=\"2\" alt=\"\"\/><\/span><\/a><\/div><\/div><\/div>\n","protected":false},"excerpt":{"rendered":"<p>La Intendencia de Tacuaremb\u00f3, en coordinaci\u00f3n con las sociedades de negros y lubolos, actores locales del candombe e instituciones, present\u00f3 el cronograma de actividades para conmemorar el Mes de la Afrodescendencia. La propuesta busca visibilizar la historia, la cultura y los aportes de la comunidad afro a la identidad del departamento<\/p>\n","protected":false},"author":3,"featured_media":32151,"comment_status":"closed","ping_status":"closed","sticky":false,"template":"","format":"standard","meta":{"_eb_attr":"","footnotes":""},"categories":[18,16],"tags":[],"class_list":{"0":"post-32149","1":"post","2":"type-post","3":"status-publish","4":"format-standard","5":"has-post-thumbnail","7":"category-cultura","8":"category-noticias"},"_links":{"self":[{"href":"https:\/\/tacuarembo.gub.uy\/index.php?rest_route=\/wp\/v2\/posts\/32149","targetHints":{"allow":["GET"]}}],"collection":[{"href":"https:\/\/tacuarembo.gub.uy\/index.php?rest_route=\/wp\/v2\/posts"}],"about":[{"href":"https:\/\/tacuarembo.gub.uy\/index.php?rest_route=\/wp\/v2\/types\/post"}],"author":[{"embeddable":true,"href":"https:\/\/tacuarembo.gub.uy\/index.php?rest_route=\/wp\/v2\/users\/3"}],"replies":[{"embeddable":true,"href":"https:\/\/tacuarembo.gub.uy\/index.php?rest_route=%2Fwp%2Fv2%2Fcomments&post=32149"}],"version-history":[{"count":2,"href":"https:\/\/tacuarembo.gub.uy\/index.php?rest_route=\/wp\/v2\/posts\/32149\/revisions"}],"predecessor-version":[{"id":32155,"href":"https:\/\/tacuarembo.gub.uy\/index.php?rest_route=\/wp\/v2\/posts\/32149\/revisions\/32155"}],"wp:featuredmedia":[{"embeddable":true,"href":"https:\/\/tacuarembo.gub.uy\/index.php?rest_route=\/wp\/v2\/media\/32151"}],"wp:attachment":[{"href":"https:\/\/tacuarembo.gub.uy\/index.php?rest_route=%2Fwp%2Fv2%2Fmedia&parent=32149"}],"wp:term":[{"taxonomy":"category","embeddable":true,"href":"https:\/\/tacuarembo.gub.uy\/index.php?rest_route=%2Fwp%2Fv2%2Fcategories&post=32149"},{"taxonomy":"post_tag","embeddable":true,"href":"https:\/\/tacuarembo.gub.uy\/index.php?rest_route=%2Fwp%2Fv2%2Ftags&post=32149"}],"curies":[{"name":"wp","href":"https:\/\/api.w.org\/{rel}","templated":true}]}}