{"id":3208,"date":"2019-06-06T23:23:38","date_gmt":"2019-06-06T23:23:38","guid":{"rendered":"https:\/\/tacuarembo.gub.uy\/?p=3208"},"modified":"2019-06-17T23:32:33","modified_gmt":"2019-06-17T23:32:33","slug":"plato-caliente","status":"publish","type":"post","link":"https:\/\/tacuarembo.gub.uy\/?p=3208","title":{"rendered":"Plato Caliente"},"content":{"rendered":"\n<p>DIDESOL inici\u00f3 esta semana el servicio que permite ayudar a personas en situaci\u00f3n de vulnerabilidad y que estar\u00e1 operativo en los Centros de Barrios y Municipios. El Director General de Desarrollo Social Pedro Permanyer, acompa\u00f1ado por la Directora de Asistencia Social, revelaron detalles de este programa que en 2018 sirvi\u00f3 m\u00e1s de 50 mil platos calientes.<\/p>\n\n\n\n<iframe loading=\"lazy\" src=\"https:\/\/www.youtube.com\/embed\/u5C9ykcVUHw\" allow=\"accelerometer; autoplay; encrypted-media; gyroscope; picture-in-picture\" allowfullscreen=\"\" width=\"695\" height=\"391\" frameborder=\"0\"><\/iframe>\n","protected":false},"excerpt":{"rendered":"<p>DIDESOL inici\u00f3 esta semana el servicio que permite ayudar a personas en situaci\u00f3n de vulnerabilidad y que estar\u00e1 operativo en los Centros de Barrios y Municipios. El Director General de Desarrollo Social Pedro Permanyer, acompa\u00f1ado por la Directora de Asistencia Social, revelaron detalles de este programa que en 2018 sirvi\u00f3 m\u00e1s de 50 mil platos calientes.<\/p>\n","protected":false},"author":3,"featured_media":3209,"comment_status":"open","ping_status":"open","sticky":false,"template":"","format":"standard","meta":{"_eb_attr":"","footnotes":""},"categories":[16],"tags":[],"class_list":{"0":"post-3208","1":"post","2":"type-post","3":"status-publish","4":"format-standard","5":"has-post-thumbnail","7":"category-noticias"},"_links":{"self":[{"href":"https:\/\/tacuarembo.gub.uy\/index.php?rest_route=\/wp\/v2\/posts\/3208","targetHints":{"allow":["GET"]}}],"collection":[{"href":"https:\/\/tacuarembo.gub.uy\/index.php?rest_route=\/wp\/v2\/posts"}],"about":[{"href":"https:\/\/tacuarembo.gub.uy\/index.php?rest_route=\/wp\/v2\/types\/post"}],"author":[{"embeddable":true,"href":"https:\/\/tacuarembo.gub.uy\/index.php?rest_route=\/wp\/v2\/users\/3"}],"replies":[{"embeddable":true,"href":"https:\/\/tacuarembo.gub.uy\/index.php?rest_route=%2Fwp%2Fv2%2Fcomments&post=3208"}],"version-history":[{"count":2,"href":"https:\/\/tacuarembo.gub.uy\/index.php?rest_route=\/wp\/v2\/posts\/3208\/revisions"}],"predecessor-version":[{"id":3309,"href":"https:\/\/tacuarembo.gub.uy\/index.php?rest_route=\/wp\/v2\/posts\/3208\/revisions\/3309"}],"wp:featuredmedia":[{"embeddable":true,"href":"https:\/\/tacuarembo.gub.uy\/index.php?rest_route=\/wp\/v2\/media\/3209"}],"wp:attachment":[{"href":"https:\/\/tacuarembo.gub.uy\/index.php?rest_route=%2Fwp%2Fv2%2Fmedia&parent=3208"}],"wp:term":[{"taxonomy":"category","embeddable":true,"href":"https:\/\/tacuarembo.gub.uy\/index.php?rest_route=%2Fwp%2Fv2%2Fcategories&post=3208"},{"taxonomy":"post_tag","embeddable":true,"href":"https:\/\/tacuarembo.gub.uy\/index.php?rest_route=%2Fwp%2Fv2%2Ftags&post=3208"}],"curies":[{"name":"wp","href":"https:\/\/api.w.org\/{rel}","templated":true}]}}