{"id":3205,"date":"2019-06-06T23:08:19","date_gmt":"2019-06-06T23:08:19","guid":{"rendered":"https:\/\/tacuarembo.gub.uy\/?p=3205"},"modified":"2019-06-06T23:08:19","modified_gmt":"2019-06-06T23:08:19","slug":"poda-de-platanos","status":"publish","type":"post","link":"https:\/\/tacuarembo.gub.uy\/?p=3205","title":{"rendered":"Poda de Pl\u00e1tanos"},"content":{"rendered":"\n<p>Se comenz\u00f3 con un trabajo espec\u00edfico de reducci\u00f3n en altura a cargo de un equipo especializado en la zona de 18 de julio y tambi\u00e9n en Parque Rod\u00f3. La tarea demandar\u00e1 unos 45 d\u00edas se\u00f1alo el Director General de los Servicios Departamentales, Daniel Longui.<\/p>\n\n\n\n<iframe loading=\"lazy\" width=\"695\" height=\"391\" src=\"https:\/\/www.youtube.com\/embed\/52-hDScXnr0\" frameborder=\"0\" allow=\"accelerometer; autoplay; encrypted-media; gyroscope; picture-in-picture\" allowfullscreen><\/iframe>\n","protected":false},"excerpt":{"rendered":"<p>Se comenz\u00f3 con un trabajo espec\u00edfico de reducci\u00f3n en altura a cargo de un equipo especializado en la zona de 18 de julio y tambi\u00e9n en Parque Rod\u00f3. La tarea demandar\u00e1 unos 45 d\u00edas se\u00f1alo el Director General de los Servicios Departamentales, Daniel Longui.<\/p>\n","protected":false},"author":3,"featured_media":3206,"comment_status":"open","ping_status":"open","sticky":false,"template":"","format":"standard","meta":{"_eb_attr":"","footnotes":""},"categories":[16],"tags":[],"class_list":{"0":"post-3205","1":"post","2":"type-post","3":"status-publish","4":"format-standard","5":"has-post-thumbnail","7":"category-noticias"},"_links":{"self":[{"href":"https:\/\/tacuarembo.gub.uy\/index.php?rest_route=\/wp\/v2\/posts\/3205","targetHints":{"allow":["GET"]}}],"collection":[{"href":"https:\/\/tacuarembo.gub.uy\/index.php?rest_route=\/wp\/v2\/posts"}],"about":[{"href":"https:\/\/tacuarembo.gub.uy\/index.php?rest_route=\/wp\/v2\/types\/post"}],"author":[{"embeddable":true,"href":"https:\/\/tacuarembo.gub.uy\/index.php?rest_route=\/wp\/v2\/users\/3"}],"replies":[{"embeddable":true,"href":"https:\/\/tacuarembo.gub.uy\/index.php?rest_route=%2Fwp%2Fv2%2Fcomments&post=3205"}],"version-history":[{"count":1,"href":"https:\/\/tacuarembo.gub.uy\/index.php?rest_route=\/wp\/v2\/posts\/3205\/revisions"}],"predecessor-version":[{"id":3207,"href":"https:\/\/tacuarembo.gub.uy\/index.php?rest_route=\/wp\/v2\/posts\/3205\/revisions\/3207"}],"wp:featuredmedia":[{"embeddable":true,"href":"https:\/\/tacuarembo.gub.uy\/index.php?rest_route=\/wp\/v2\/media\/3206"}],"wp:attachment":[{"href":"https:\/\/tacuarembo.gub.uy\/index.php?rest_route=%2Fwp%2Fv2%2Fmedia&parent=3205"}],"wp:term":[{"taxonomy":"category","embeddable":true,"href":"https:\/\/tacuarembo.gub.uy\/index.php?rest_route=%2Fwp%2Fv2%2Fcategories&post=3205"},{"taxonomy":"post_tag","embeddable":true,"href":"https:\/\/tacuarembo.gub.uy\/index.php?rest_route=%2Fwp%2Fv2%2Ftags&post=3205"}],"curies":[{"name":"wp","href":"https:\/\/api.w.org\/{rel}","templated":true}]}}