{"id":3203,"date":"2019-06-05T23:13:54","date_gmt":"2019-06-05T23:13:54","guid":{"rendered":"https:\/\/tacuarembo.gub.uy\/?p=3203"},"modified":"2019-06-05T23:13:54","modified_gmt":"2019-06-05T23:13:54","slug":"conferencia-de-prensa-15","status":"publish","type":"post","link":"https:\/\/tacuarembo.gub.uy\/?p=3203","title":{"rendered":"Conferencia de Prensa"},"content":{"rendered":"\n<p>La\nIntendencia de Tacuaremb\u00f3 invita a todos los medios de comunicaci\u00f3n para una\nConferencia de Prensa a realizarse ma\u00f1ana 6 de junio a la hora 10:30, en Sala\nde Sesiones de la Intendencia, donde se informar\u00e1 acerca de la Semana\nGardeliana.<\/p>\n","protected":false},"excerpt":{"rendered":"<p>La Intendencia de Tacuaremb\u00f3 invita a todos los medios de comunicaci\u00f3n para una Conferencia de Prensa a realizarse ma\u00f1ana 6 de junio a la hora 10:30, en Sala de Sesiones de la Intendencia, donde se informar\u00e1 acerca de la Semana Gardeliana.<\/p>\n","protected":false},"author":3,"featured_media":3167,"comment_status":"open","ping_status":"open","sticky":false,"template":"","format":"standard","meta":{"_eb_attr":"","footnotes":""},"categories":[16],"tags":[],"class_list":{"0":"post-3203","1":"post","2":"type-post","3":"status-publish","4":"format-standard","5":"has-post-thumbnail","7":"category-noticias"},"_links":{"self":[{"href":"https:\/\/tacuarembo.gub.uy\/index.php?rest_route=\/wp\/v2\/posts\/3203","targetHints":{"allow":["GET"]}}],"collection":[{"href":"https:\/\/tacuarembo.gub.uy\/index.php?rest_route=\/wp\/v2\/posts"}],"about":[{"href":"https:\/\/tacuarembo.gub.uy\/index.php?rest_route=\/wp\/v2\/types\/post"}],"author":[{"embeddable":true,"href":"https:\/\/tacuarembo.gub.uy\/index.php?rest_route=\/wp\/v2\/users\/3"}],"replies":[{"embeddable":true,"href":"https:\/\/tacuarembo.gub.uy\/index.php?rest_route=%2Fwp%2Fv2%2Fcomments&post=3203"}],"version-history":[{"count":1,"href":"https:\/\/tacuarembo.gub.uy\/index.php?rest_route=\/wp\/v2\/posts\/3203\/revisions"}],"predecessor-version":[{"id":3204,"href":"https:\/\/tacuarembo.gub.uy\/index.php?rest_route=\/wp\/v2\/posts\/3203\/revisions\/3204"}],"wp:featuredmedia":[{"embeddable":true,"href":"https:\/\/tacuarembo.gub.uy\/index.php?rest_route=\/wp\/v2\/media\/3167"}],"wp:attachment":[{"href":"https:\/\/tacuarembo.gub.uy\/index.php?rest_route=%2Fwp%2Fv2%2Fmedia&parent=3203"}],"wp:term":[{"taxonomy":"category","embeddable":true,"href":"https:\/\/tacuarembo.gub.uy\/index.php?rest_route=%2Fwp%2Fv2%2Fcategories&post=3203"},{"taxonomy":"post_tag","embeddable":true,"href":"https:\/\/tacuarembo.gub.uy\/index.php?rest_route=%2Fwp%2Fv2%2Ftags&post=3203"}],"curies":[{"name":"wp","href":"https:\/\/api.w.org\/{rel}","templated":true}]}}