{"id":31873,"date":"2025-07-11T09:35:18","date_gmt":"2025-07-11T12:35:18","guid":{"rendered":"https:\/\/tacuarembo.gub.uy\/?p=31873"},"modified":"2025-07-11T09:35:20","modified_gmt":"2025-07-11T12:35:20","slug":"wilson-ezquerra-asumio-su-cuarto-mandato-como-intendente-de-tacuarembo","status":"publish","type":"post","link":"https:\/\/tacuarembo.gub.uy\/?p=31873","title":{"rendered":"Wilson Ezquerra asumi\u00f3 su cuarto mandato como intendente de Tacuaremb\u00f3"},"content":{"rendered":"\n<p>Con la tradicional ceremonia de cambio de mando, Wilson Ezquerra Martinotti asumi\u00f3 por cuarta vez la conducci\u00f3n de la Intendencia Departamental de Tacuaremb\u00f3, que lo ha tenido como intendente en los per\u00edodos 2005\u20132015, nuevamente desde 2020, y ahora comenzando su mandato 2025\u20132030.<\/p>\n\n\n\n<p>Durante su discurso en el hall de la IDT, reafirm\u00f3 su compromiso con una gesti\u00f3n cercana y descentralizada, destacando el trabajo coordinado con alcald\u00edas y juntas locales como clave para atender las necesidades reales de la poblaci\u00f3n.<\/p>\n\n\n\n<p>\u201cEs un d\u00eda de alegr\u00eda y de singular importancia, porque no debe haber cosa m\u00e1s linda que la sociedad te renueve la confianza para continuar gobernando el departamento\u201d, expres\u00f3. Tambi\u00e9n record\u00f3 sus inicios como edil hace 35 a\u00f1os, destacando su v\u00ednculo con Eber da Rosa: \u201cIngresamos juntos a esta casa y aprend\u00ed mucho de \u00e9l, que es un referente pol\u00edtico\u201d, afirm\u00f3.<\/p>\n\n\n\n<p>El intendente asegur\u00f3 que su Administraci\u00f3n se enfocar\u00e1 en la equidad, el respeto social, la austeridad en el uso de los recursos p\u00fablicos y un buen relacionamiento con el gobierno nacional. \u201cSeguimos renovando sue\u00f1os para construir un departamento mejor, con las mismas ganas y el mismo esp\u00edritu de trabajar por la sociedad en que vivimos\u201d.<\/p>\n\n\n\n<p>Por su parte, el intendente saliente, Eber da Rosa, quien recibi\u00f3 una placa de reconocimiento, se despidi\u00f3 de la funci\u00f3n departamental tras su tercer per\u00edodo en el cargo. Manifest\u00f3 que \u201cla suerte de Ezquerra es la suerte de todos los ciudadanos del departamento\u201d, asegurando que se lleva los mejores recuerdos de su paso por la Intendencia.<\/p>\n\n\n\n<p>Tambi\u00e9n repas\u00f3 obras realizadas, mejoras en la gesti\u00f3n y proyectos pendientes que quedan para el nuevo gobierno. \u201cTodos son sue\u00f1os e ideas que quedan para el nuevo per\u00edodo\u201d, concluy\u00f3.<\/p>\n\n\n\n<div class=\"wp-block-image-gallery-block-image-gallery-block\"><div class=\"eb-parent-wrapper eb-parent-eb-image-gallery-wt86e \"><div class=\"eb-gallery-img-wrapper eb-image-gallery-wt86e grid overlay-bottom caption-style-0   no-isotope \" data-id=\"eb-image-gallery-wt86e\"><a href=\"https:\/\/tacuarembo.gub.uy\/wp-content\/uploads\/WhatsApp-Image-2025-07-11-at-09.32.58.jpeg\" rel=\"noopener\" data-fslightbox=\"gallery\" data-type=\"image\" class=\"eb-gallery-img-content eb-filter-img-\"><span class=\"eb-gallery-link-wrapper\"><img decoding=\"async\" class=\"eb-gallery-img\" src=\"https:\/\/tacuarembo.gub.uy\/wp-content\/uploads\/WhatsApp-Image-2025-07-11-at-09.32.58.jpeg\" image-index=\"0\" alt=\"\"\/><\/span><\/a><a href=\"https:\/\/tacuarembo.gub.uy\/wp-content\/uploads\/WhatsApp-Image-2025-07-11-at-09.32.56.jpeg\" rel=\"noopener\" data-fslightbox=\"gallery\" data-type=\"image\" class=\"eb-gallery-img-content eb-filter-img-\"><span class=\"eb-gallery-link-wrapper\"><img decoding=\"async\" class=\"eb-gallery-img\" src=\"https:\/\/tacuarembo.gub.uy\/wp-content\/uploads\/WhatsApp-Image-2025-07-11-at-09.32.56.jpeg\" image-index=\"1\" alt=\"\"\/><\/span><\/a><a href=\"https:\/\/tacuarembo.gub.uy\/wp-content\/uploads\/WhatsApp-Image-2025-07-11-at-09.32.55.jpeg\" rel=\"noopener\" data-fslightbox=\"gallery\" data-type=\"image\" class=\"eb-gallery-img-content eb-filter-img-\"><span class=\"eb-gallery-link-wrapper\"><img decoding=\"async\" class=\"eb-gallery-img\" src=\"https:\/\/tacuarembo.gub.uy\/wp-content\/uploads\/WhatsApp-Image-2025-07-11-at-09.32.55.jpeg\" image-index=\"2\" alt=\"\"\/><\/span><\/a><a href=\"https:\/\/tacuarembo.gub.uy\/wp-content\/uploads\/WhatsApp-Image-2025-07-11-at-09.32.54.jpeg\" rel=\"noopener\" data-fslightbox=\"gallery\" data-type=\"image\" class=\"eb-gallery-img-content eb-filter-img-\"><span class=\"eb-gallery-link-wrapper\"><img decoding=\"async\" class=\"eb-gallery-img\" src=\"https:\/\/tacuarembo.gub.uy\/wp-content\/uploads\/WhatsApp-Image-2025-07-11-at-09.32.54.jpeg\" image-index=\"3\" alt=\"\"\/><\/span><\/a><a href=\"https:\/\/tacuarembo.gub.uy\/wp-content\/uploads\/WhatsApp-Image-2025-07-11-at-09.32.531.jpeg\" rel=\"noopener\" data-fslightbox=\"gallery\" data-type=\"image\" class=\"eb-gallery-img-content eb-filter-img-\"><span class=\"eb-gallery-link-wrapper\"><img decoding=\"async\" class=\"eb-gallery-img\" src=\"https:\/\/tacuarembo.gub.uy\/wp-content\/uploads\/WhatsApp-Image-2025-07-11-at-09.32.531.jpeg\" image-index=\"4\" alt=\"\"\/><\/span><\/a><a href=\"https:\/\/tacuarembo.gub.uy\/wp-content\/uploads\/WhatsApp-Image-2025-07-11-at-09.32.53.jpeg\" rel=\"noopener\" data-fslightbox=\"gallery\" data-type=\"image\" class=\"eb-gallery-img-content eb-filter-img-\"><span class=\"eb-gallery-link-wrapper\"><img decoding=\"async\" class=\"eb-gallery-img\" src=\"https:\/\/tacuarembo.gub.uy\/wp-content\/uploads\/WhatsApp-Image-2025-07-11-at-09.32.53.jpeg\" image-index=\"5\" alt=\"\"\/><\/span><\/a><a href=\"https:\/\/tacuarembo.gub.uy\/wp-content\/uploads\/WhatsApp-Image-2025-07-11-at-09.32.52.jpeg\" rel=\"noopener\" data-fslightbox=\"gallery\" data-type=\"image\" class=\"eb-gallery-img-content eb-filter-img-\"><span class=\"eb-gallery-link-wrapper\"><img decoding=\"async\" class=\"eb-gallery-img\" src=\"https:\/\/tacuarembo.gub.uy\/wp-content\/uploads\/WhatsApp-Image-2025-07-11-at-09.32.52.jpeg\" image-index=\"6\" alt=\"\"\/><\/span><\/a><\/div><\/div><\/div>\n","protected":false},"excerpt":{"rendered":"<p>Con la tradicional ceremonia de cambio de mando, Wilson Ezquerra Martinotti asumi\u00f3 por cuarta vez la conducci\u00f3n de la Intendencia Departamental de Tacuaremb\u00f3, que lo ha tenido como intendente en los per\u00edodos 2005\u20132015, nuevamente desde 2020, y ahora comenzando su mandato 2025\u20132030<\/p>\n","protected":false},"author":3,"featured_media":31877,"comment_status":"closed","ping_status":"closed","sticky":false,"template":"","format":"standard","meta":{"_eb_attr":"","footnotes":""},"categories":[16],"tags":[],"class_list":{"0":"post-31873","1":"post","2":"type-post","3":"status-publish","4":"format-standard","5":"has-post-thumbnail","7":"category-noticias"},"_links":{"self":[{"href":"https:\/\/tacuarembo.gub.uy\/index.php?rest_route=\/wp\/v2\/posts\/31873","targetHints":{"allow":["GET"]}}],"collection":[{"href":"https:\/\/tacuarembo.gub.uy\/index.php?rest_route=\/wp\/v2\/posts"}],"about":[{"href":"https:\/\/tacuarembo.gub.uy\/index.php?rest_route=\/wp\/v2\/types\/post"}],"author":[{"embeddable":true,"href":"https:\/\/tacuarembo.gub.uy\/index.php?rest_route=\/wp\/v2\/users\/3"}],"replies":[{"embeddable":true,"href":"https:\/\/tacuarembo.gub.uy\/index.php?rest_route=%2Fwp%2Fv2%2Fcomments&post=31873"}],"version-history":[{"count":1,"href":"https:\/\/tacuarembo.gub.uy\/index.php?rest_route=\/wp\/v2\/posts\/31873\/revisions"}],"predecessor-version":[{"id":31881,"href":"https:\/\/tacuarembo.gub.uy\/index.php?rest_route=\/wp\/v2\/posts\/31873\/revisions\/31881"}],"wp:featuredmedia":[{"embeddable":true,"href":"https:\/\/tacuarembo.gub.uy\/index.php?rest_route=\/wp\/v2\/media\/31877"}],"wp:attachment":[{"href":"https:\/\/tacuarembo.gub.uy\/index.php?rest_route=%2Fwp%2Fv2%2Fmedia&parent=31873"}],"wp:term":[{"taxonomy":"category","embeddable":true,"href":"https:\/\/tacuarembo.gub.uy\/index.php?rest_route=%2Fwp%2Fv2%2Fcategories&post=31873"},{"taxonomy":"post_tag","embeddable":true,"href":"https:\/\/tacuarembo.gub.uy\/index.php?rest_route=%2Fwp%2Fv2%2Ftags&post=31873"}],"curies":[{"name":"wp","href":"https:\/\/api.w.org\/{rel}","templated":true}]}}