{"id":3171,"date":"2019-06-03T22:42:42","date_gmt":"2019-06-03T22:42:42","guid":{"rendered":"https:\/\/tacuarembo.gub.uy\/?p=3171"},"modified":"2019-06-17T23:33:07","modified_gmt":"2019-06-17T23:33:07","slug":"la-intendencia-presento-a-axel-en-tacuarembo","status":"publish","type":"post","link":"https:\/\/tacuarembo.gub.uy\/?p=3171","title":{"rendered":"La Intendencia present\u00f3 a AXEL en Tacuaremb\u00f3"},"content":{"rendered":"\n<p>Un artista de excelencia musical que se ha transformado en el m\u00e1s importante en Latinoam\u00e9rica por su defensa y difusi\u00f3n de la agenda de derechos. Su mensaje de vida y esperanza, apunta a llegar a nuestro interior para encender la brasa de ser uno mismo, cultivando nuestro ser, fortaleciendo los valores de igualdad, libertad y sobre todo desprendernos de prejuicios apuntando a que con nuestras peque\u00f1as acciones diarias logremos avanzar en este mundo consumista por el camino de la felicidad interior y motiv\u00e1ndonos a que desde ese \u201cSer uno mismo\u201d vivamos mejor. La intenci\u00f3n del Intendente Eber Da Rosa se concreta en el sentido de que, con una entrada popular, los tacuaremboenses disfrutaron de un espect\u00e1culo a la altura de las grandes ciudades del mundo, fino en su contenido, de alta costura como dicen en el mundo de la moda y con ese mensaje en valores tan necesario en estos tiempos que transitamos. El Cantante Argentino le agradeci\u00f3 al Dr. Da Rosa quien previo al show tambi\u00e9n le entreg\u00f3 un libro sobre la Patria Gaucha, d\u00f3nde hablaron durante varios minutos charla en la que particip\u00f3 la Dra. Rosario de Le\u00f3n y en su presentaci\u00f3n hizo un repaso por su trayectoria y present\u00f3 su \u00faltimo \u00e1lbum, se destaca por ser el autor de sus canciones y tambi\u00e9n por la producci\u00f3n de las mismas. En Tacuaremb\u00f3 se present\u00f3 en un formato ac\u00fastico con piano, guitarra y viol\u00edn y en todo momento fue ovacionado por el p\u00fablico que tambi\u00e9n acompa\u00f1\u00f3 con un profundo silencio los momentos de reflexi\u00f3n que introduc\u00edan a las canciones. En determinado momento Axel se sube al balc\u00f3n de Club Tacuaremb\u00f3 y all\u00ed hizo una transmisi\u00f3n en vivo en Instagram con un mate y la intervenci\u00f3n del p\u00fablico que fue viral en las redes en la noche del domingo. Los picos de gran efervescencia del concierto fueron \u201cSomos Uno\u201d,\u201d Amo\u201d, \u201cAfinidad\u201d, \u201cTe voy amar\u201d, \u201cNo es no\u201d y \u201cCelebra la Vida\u201d entre otros tantos \u00e9xitos que cant\u00f3 y que quedar\u00e1n en el mejor de los recuerdos de los asistentes.<\/p>\n\n\n\n<iframe loading=\"lazy\" src=\"https:\/\/www.youtube.com\/embed\/UFeWyXbb-t4\" allow=\"accelerometer; autoplay; encrypted-media; gyroscope; picture-in-picture\" allowfullscreen=\"\" width=\"695\" height=\"391\" frameborder=\"0\"><\/iframe>\n","protected":false},"excerpt":{"rendered":"<p>Un artista de excelencia musical que se ha transformado en el m\u00e1s importante en Latinoam\u00e9rica por su defensa y difusi\u00f3n de la agenda de derechos.<\/p>\n","protected":false},"author":3,"featured_media":3172,"comment_status":"open","ping_status":"open","sticky":false,"template":"","format":"standard","meta":{"_eb_attr":"","footnotes":""},"categories":[16],"tags":[],"class_list":{"0":"post-3171","1":"post","2":"type-post","3":"status-publish","4":"format-standard","5":"has-post-thumbnail","7":"category-noticias"},"_links":{"self":[{"href":"https:\/\/tacuarembo.gub.uy\/index.php?rest_route=\/wp\/v2\/posts\/3171","targetHints":{"allow":["GET"]}}],"collection":[{"href":"https:\/\/tacuarembo.gub.uy\/index.php?rest_route=\/wp\/v2\/posts"}],"about":[{"href":"https:\/\/tacuarembo.gub.uy\/index.php?rest_route=\/wp\/v2\/types\/post"}],"author":[{"embeddable":true,"href":"https:\/\/tacuarembo.gub.uy\/index.php?rest_route=\/wp\/v2\/users\/3"}],"replies":[{"embeddable":true,"href":"https:\/\/tacuarembo.gub.uy\/index.php?rest_route=%2Fwp%2Fv2%2Fcomments&post=3171"}],"version-history":[{"count":2,"href":"https:\/\/tacuarembo.gub.uy\/index.php?rest_route=\/wp\/v2\/posts\/3171\/revisions"}],"predecessor-version":[{"id":3310,"href":"https:\/\/tacuarembo.gub.uy\/index.php?rest_route=\/wp\/v2\/posts\/3171\/revisions\/3310"}],"wp:featuredmedia":[{"embeddable":true,"href":"https:\/\/tacuarembo.gub.uy\/index.php?rest_route=\/wp\/v2\/media\/3172"}],"wp:attachment":[{"href":"https:\/\/tacuarembo.gub.uy\/index.php?rest_route=%2Fwp%2Fv2%2Fmedia&parent=3171"}],"wp:term":[{"taxonomy":"category","embeddable":true,"href":"https:\/\/tacuarembo.gub.uy\/index.php?rest_route=%2Fwp%2Fv2%2Fcategories&post=3171"},{"taxonomy":"post_tag","embeddable":true,"href":"https:\/\/tacuarembo.gub.uy\/index.php?rest_route=%2Fwp%2Fv2%2Ftags&post=3171"}],"curies":[{"name":"wp","href":"https:\/\/api.w.org\/{rel}","templated":true}]}}