{"id":3169,"date":"2019-06-03T22:40:47","date_gmt":"2019-06-03T22:40:47","guid":{"rendered":"https:\/\/tacuarembo.gub.uy\/?p=3169"},"modified":"2019-06-03T22:40:47","modified_gmt":"2019-06-03T22:40:47","slug":"salon-comunal-juan-carlos-albernaz","status":"publish","type":"post","link":"https:\/\/tacuarembo.gub.uy\/?p=3169","title":{"rendered":"Sal\u00f3n Comunal \u201cJuan Carlos Albernaz\u201d"},"content":{"rendered":"\n<p>La\nDir.Gral. de Desarrollo Social, Promoci\u00f3n Social, invitan a vecinos de Barrio\nGodoy para una reuni\u00f3n a realizarse este pr\u00f3ximo mi\u00e9rcoles 5 de junio a las\n17:00 horas en Sal\u00f3n&nbsp; Comunal \u201cJuan\nCarlos Albernaz\u201d, donde se informar\u00e1 acerca del funcionamiento del mencionado\nSal\u00f3n.<\/p>\n","protected":false},"excerpt":{"rendered":"<p>La Dir.Gral. de Desarrollo Social, Promoci\u00f3n Social, invitan a vecinos de Barrio Godoy para una reuni\u00f3n a realizarse este pr\u00f3ximo mi\u00e9rcoles 5 de junio a las 17:00 horas en Sal\u00f3n  Comunal \u201cJuan Carlos Albernaz\u201d, donde se informar\u00e1 acerca del funcionamiento del mencionado Sal\u00f3n.<\/p>\n","protected":false},"author":3,"featured_media":3167,"comment_status":"open","ping_status":"open","sticky":false,"template":"","format":"standard","meta":{"_eb_attr":"","footnotes":""},"categories":[16],"tags":[],"class_list":{"0":"post-3169","1":"post","2":"type-post","3":"status-publish","4":"format-standard","5":"has-post-thumbnail","7":"category-noticias"},"_links":{"self":[{"href":"https:\/\/tacuarembo.gub.uy\/index.php?rest_route=\/wp\/v2\/posts\/3169","targetHints":{"allow":["GET"]}}],"collection":[{"href":"https:\/\/tacuarembo.gub.uy\/index.php?rest_route=\/wp\/v2\/posts"}],"about":[{"href":"https:\/\/tacuarembo.gub.uy\/index.php?rest_route=\/wp\/v2\/types\/post"}],"author":[{"embeddable":true,"href":"https:\/\/tacuarembo.gub.uy\/index.php?rest_route=\/wp\/v2\/users\/3"}],"replies":[{"embeddable":true,"href":"https:\/\/tacuarembo.gub.uy\/index.php?rest_route=%2Fwp%2Fv2%2Fcomments&post=3169"}],"version-history":[{"count":1,"href":"https:\/\/tacuarembo.gub.uy\/index.php?rest_route=\/wp\/v2\/posts\/3169\/revisions"}],"predecessor-version":[{"id":3170,"href":"https:\/\/tacuarembo.gub.uy\/index.php?rest_route=\/wp\/v2\/posts\/3169\/revisions\/3170"}],"wp:featuredmedia":[{"embeddable":true,"href":"https:\/\/tacuarembo.gub.uy\/index.php?rest_route=\/wp\/v2\/media\/3167"}],"wp:attachment":[{"href":"https:\/\/tacuarembo.gub.uy\/index.php?rest_route=%2Fwp%2Fv2%2Fmedia&parent=3169"}],"wp:term":[{"taxonomy":"category","embeddable":true,"href":"https:\/\/tacuarembo.gub.uy\/index.php?rest_route=%2Fwp%2Fv2%2Fcategories&post=3169"},{"taxonomy":"post_tag","embeddable":true,"href":"https:\/\/tacuarembo.gub.uy\/index.php?rest_route=%2Fwp%2Fv2%2Ftags&post=3169"}],"curies":[{"name":"wp","href":"https:\/\/api.w.org\/{rel}","templated":true}]}}