{"id":3166,"date":"2019-06-03T22:39:54","date_gmt":"2019-06-03T22:39:54","guid":{"rendered":"https:\/\/tacuarembo.gub.uy\/?p=3166"},"modified":"2019-06-03T22:39:54","modified_gmt":"2019-06-03T22:39:54","slug":"conferencia-de-prensa-14","status":"publish","type":"post","link":"https:\/\/tacuarembo.gub.uy\/?p=3166","title":{"rendered":"Conferencia de Prensa"},"content":{"rendered":"\n<p>La\nDir. de Educaci\u00f3n y Cultura invita a todos los medios de comunicaci\u00f3n para una\nConferencia de Prensa ma\u00f1ana martes 4 de junio a las 10:30 horas en Casa de la\nCultura, donde se informar\u00e1 acerca de actividades&nbsp; en el marco del Programa de Teatro. <\/p>\n","protected":false},"excerpt":{"rendered":"<p>La Dir. de Educaci\u00f3n y Cultura invita a todos los medios de comunicaci\u00f3n para una Conferencia de Prensa ma\u00f1ana martes 4 de junio a las 10:30 horas en Casa de la Cultura, donde se informar\u00e1 acerca de actividades  en el marco del Programa de Teatro. <\/p>\n","protected":false},"author":3,"featured_media":3167,"comment_status":"open","ping_status":"open","sticky":false,"template":"","format":"standard","meta":{"_eb_attr":"","footnotes":""},"categories":[16],"tags":[],"class_list":{"0":"post-3166","1":"post","2":"type-post","3":"status-publish","4":"format-standard","5":"has-post-thumbnail","7":"category-noticias"},"_links":{"self":[{"href":"https:\/\/tacuarembo.gub.uy\/index.php?rest_route=\/wp\/v2\/posts\/3166","targetHints":{"allow":["GET"]}}],"collection":[{"href":"https:\/\/tacuarembo.gub.uy\/index.php?rest_route=\/wp\/v2\/posts"}],"about":[{"href":"https:\/\/tacuarembo.gub.uy\/index.php?rest_route=\/wp\/v2\/types\/post"}],"author":[{"embeddable":true,"href":"https:\/\/tacuarembo.gub.uy\/index.php?rest_route=\/wp\/v2\/users\/3"}],"replies":[{"embeddable":true,"href":"https:\/\/tacuarembo.gub.uy\/index.php?rest_route=%2Fwp%2Fv2%2Fcomments&post=3166"}],"version-history":[{"count":1,"href":"https:\/\/tacuarembo.gub.uy\/index.php?rest_route=\/wp\/v2\/posts\/3166\/revisions"}],"predecessor-version":[{"id":3168,"href":"https:\/\/tacuarembo.gub.uy\/index.php?rest_route=\/wp\/v2\/posts\/3166\/revisions\/3168"}],"wp:featuredmedia":[{"embeddable":true,"href":"https:\/\/tacuarembo.gub.uy\/index.php?rest_route=\/wp\/v2\/media\/3167"}],"wp:attachment":[{"href":"https:\/\/tacuarembo.gub.uy\/index.php?rest_route=%2Fwp%2Fv2%2Fmedia&parent=3166"}],"wp:term":[{"taxonomy":"category","embeddable":true,"href":"https:\/\/tacuarembo.gub.uy\/index.php?rest_route=%2Fwp%2Fv2%2Fcategories&post=3166"},{"taxonomy":"post_tag","embeddable":true,"href":"https:\/\/tacuarembo.gub.uy\/index.php?rest_route=%2Fwp%2Fv2%2Ftags&post=3166"}],"curies":[{"name":"wp","href":"https:\/\/api.w.org\/{rel}","templated":true}]}}