{"id":3159,"date":"2019-06-03T22:33:06","date_gmt":"2019-06-03T22:33:06","guid":{"rendered":"https:\/\/tacuarembo.gub.uy\/?p=3159"},"modified":"2019-06-03T22:33:06","modified_gmt":"2019-06-03T22:33:06","slug":"dia-del-medio-ambiente","status":"publish","type":"post","link":"https:\/\/tacuarembo.gub.uy\/?p=3159","title":{"rendered":"D\u00eda del Medio Ambiente"},"content":{"rendered":"\n<p>La\nComisi\u00f3n Deptal. de Medio Ambiente invita a toda la poblaci\u00f3n a participar de\nla Feria Ambiental que se realizar\u00e1 el pr\u00f3ximo mi\u00e9rcoles 5 de junio en Plaza 19\nde Abril, fecha en la cual se celebra el D\u00eda Mundial del Medio Ambiente.<\/p>\n","protected":false},"excerpt":{"rendered":"<p>La Comisi\u00f3n Deptal. de Medio Ambiente invita a toda la poblaci\u00f3n a participar de la Feria Ambiental que se realizar\u00e1 el pr\u00f3ximo mi\u00e9rcoles 5 de junio en Plaza 19 de Abril, fecha en la cual se celebra el D\u00eda Mundial del Medio Ambiente.<\/p>\n","protected":false},"author":3,"featured_media":3160,"comment_status":"open","ping_status":"open","sticky":false,"template":"","format":"standard","meta":{"_eb_attr":"","footnotes":""},"categories":[16],"tags":[],"class_list":{"0":"post-3159","1":"post","2":"type-post","3":"status-publish","4":"format-standard","5":"has-post-thumbnail","7":"category-noticias"},"_links":{"self":[{"href":"https:\/\/tacuarembo.gub.uy\/index.php?rest_route=\/wp\/v2\/posts\/3159","targetHints":{"allow":["GET"]}}],"collection":[{"href":"https:\/\/tacuarembo.gub.uy\/index.php?rest_route=\/wp\/v2\/posts"}],"about":[{"href":"https:\/\/tacuarembo.gub.uy\/index.php?rest_route=\/wp\/v2\/types\/post"}],"author":[{"embeddable":true,"href":"https:\/\/tacuarembo.gub.uy\/index.php?rest_route=\/wp\/v2\/users\/3"}],"replies":[{"embeddable":true,"href":"https:\/\/tacuarembo.gub.uy\/index.php?rest_route=%2Fwp%2Fv2%2Fcomments&post=3159"}],"version-history":[{"count":1,"href":"https:\/\/tacuarembo.gub.uy\/index.php?rest_route=\/wp\/v2\/posts\/3159\/revisions"}],"predecessor-version":[{"id":3161,"href":"https:\/\/tacuarembo.gub.uy\/index.php?rest_route=\/wp\/v2\/posts\/3159\/revisions\/3161"}],"wp:featuredmedia":[{"embeddable":true,"href":"https:\/\/tacuarembo.gub.uy\/index.php?rest_route=\/wp\/v2\/media\/3160"}],"wp:attachment":[{"href":"https:\/\/tacuarembo.gub.uy\/index.php?rest_route=%2Fwp%2Fv2%2Fmedia&parent=3159"}],"wp:term":[{"taxonomy":"category","embeddable":true,"href":"https:\/\/tacuarembo.gub.uy\/index.php?rest_route=%2Fwp%2Fv2%2Fcategories&post=3159"},{"taxonomy":"post_tag","embeddable":true,"href":"https:\/\/tacuarembo.gub.uy\/index.php?rest_route=%2Fwp%2Fv2%2Ftags&post=3159"}],"curies":[{"name":"wp","href":"https:\/\/api.w.org\/{rel}","templated":true}]}}