{"id":31402,"date":"2025-06-20T23:36:08","date_gmt":"2025-06-21T02:36:08","guid":{"rendered":"https:\/\/tacuarembo.gub.uy\/?p=31402"},"modified":"2025-06-20T23:36:08","modified_gmt":"2025-06-21T02:36:08","slug":"polideportivo-de-tacuarembo-fue-designado-con-el-nombre-de-norberto-bernachin","status":"publish","type":"post","link":"https:\/\/tacuarembo.gub.uy\/?p=31402","title":{"rendered":"Polideportivo de Tacuaremb\u00f3 fue designado con el nombre de Norberto Bernach\u00edn"},"content":{"rendered":"\n<p>En un emotivo acto realizado este viernes 20 de junio, el Polideportivo de Tacuaremb\u00f3 fue designado con el nombre de Norberto Bernach\u00edn, en homenaje al ex intendente y referente del deporte y la vida pol\u00edtica del departamento. <\/p>\n\n\n\n<p>La instancia reuni\u00f3 a autoridades, familiares, amigos y vecinos que destacaron su legado humano y compromiso con la comunidad.<\/p>\n\n\n\n<p>Daniel L\u00f3pez Moroy fue uno de los oradores que record\u00f3 con afecto a Bernach\u00edn, resaltando su humildad, su cercan\u00eda con la gente y su dedicaci\u00f3n incansable para promover el deporte en todas sus formas. \u201cLe daba vida a todo el deporte. En la \u00e9poca en que fue intendente, Tacuaremb\u00f3 vivi\u00f3 una verdadera efervescencia deportiva\u201d, afirm\u00f3.<\/p>\n\n\n\n<p>Virginia Bernach\u00edn, hija del homenajeado, comparti\u00f3 recuerdos personales que pintaron el perfil humano de su padre: \u201cM\u00e1s all\u00e1 de lo pol\u00edtico, \u00e9l ten\u00eda vocaci\u00f3n de servicio. Nuestra casa siempre estuvo de puertas abiertas, llena de gente que ven\u00eda a conversar y a pedir consejos. Todo lo hac\u00eda con sus manos y siempre buscando dejar una ense\u00f1anza\u201d. Agreg\u00f3 que \u201cera un so\u00f1ador que pensaba en lo mejor para su Tacuaremb\u00f3. <\/p>\n\n\n\n<p>Es un orgullo que se lo recuerde hoy, a 20 a\u00f1os de su partida, con un proyecto que \u00e9l so\u00f1\u00f3\u201d.Por su parte, el intendente Eber da Rosa subray\u00f3 el car\u00e1cter progresista de Bernach\u00edn, su militancia en el Partido Nacional desde joven y su papel clave en la conducci\u00f3n del departamento. \u201cLo conoc\u00ed personalmente. A pesar de algunas diferencias pol\u00edticas, comenzamos a recomponer la interna del partido y trabajamos juntos en varios proyectos. Reconozco su trabajo y su visi\u00f3n de futuro\u201d, expres\u00f3.<\/p>\n\n\n\n<p>El acto cont\u00f3 adem\u00e1s con la presencia del intendente electo, Wilson Ezquerra, y la actuaci\u00f3n de la Orquesta Tacuaremb\u00f3.<\/p>\n\n\n\n<div class=\"wp-block-image-gallery-block-image-gallery-block\"><div class=\"eb-parent-wrapper eb-parent-eb-image-gallery-wpze2 \"><div class=\"eb-gallery-img-wrapper eb-image-gallery-wpze2 grid overlay-bottom caption-style-0   no-isotope \" data-id=\"eb-image-gallery-wpze2\"><a href=\"https:\/\/tacuarembo.gub.uy\/wp-content\/uploads\/1000020758.jpg\" rel=\"noopener\" data-fslightbox=\"gallery\" data-type=\"image\" class=\"eb-gallery-img-content eb-filter-img-\"><span class=\"eb-gallery-link-wrapper\"><img decoding=\"async\" class=\"eb-gallery-img\" src=\"https:\/\/tacuarembo.gub.uy\/wp-content\/uploads\/1000020758.jpg\" image-index=\"0\" alt=\"\"\/><\/span><\/a><a href=\"https:\/\/tacuarembo.gub.uy\/wp-content\/uploads\/1000020757.jpg\" rel=\"noopener\" data-fslightbox=\"gallery\" data-type=\"image\" class=\"eb-gallery-img-content eb-filter-img-\"><span class=\"eb-gallery-link-wrapper\"><img decoding=\"async\" class=\"eb-gallery-img\" src=\"https:\/\/tacuarembo.gub.uy\/wp-content\/uploads\/1000020757.jpg\" image-index=\"1\" alt=\"\"\/><\/span><\/a><a href=\"https:\/\/tacuarembo.gub.uy\/wp-content\/uploads\/1000020756.jpg\" rel=\"noopener\" data-fslightbox=\"gallery\" data-type=\"image\" class=\"eb-gallery-img-content eb-filter-img-\"><span class=\"eb-gallery-link-wrapper\"><img decoding=\"async\" class=\"eb-gallery-img\" src=\"https:\/\/tacuarembo.gub.uy\/wp-content\/uploads\/1000020756.jpg\" image-index=\"2\" alt=\"\"\/><\/span><\/a><a href=\"https:\/\/tacuarembo.gub.uy\/wp-content\/uploads\/1000020754.jpg\" rel=\"noopener\" data-fslightbox=\"gallery\" data-type=\"image\" class=\"eb-gallery-img-content eb-filter-img-\"><span class=\"eb-gallery-link-wrapper\"><img decoding=\"async\" class=\"eb-gallery-img\" src=\"https:\/\/tacuarembo.gub.uy\/wp-content\/uploads\/1000020754.jpg\" image-index=\"3\" alt=\"\"\/><\/span><\/a><a href=\"https:\/\/tacuarembo.gub.uy\/wp-content\/uploads\/1000020753.jpg\" rel=\"noopener\" data-fslightbox=\"gallery\" data-type=\"image\" class=\"eb-gallery-img-content eb-filter-img-\"><span class=\"eb-gallery-link-wrapper\"><img decoding=\"async\" class=\"eb-gallery-img\" src=\"https:\/\/tacuarembo.gub.uy\/wp-content\/uploads\/1000020753.jpg\" image-index=\"4\" alt=\"\"\/><\/span><\/a><a href=\"https:\/\/tacuarembo.gub.uy\/wp-content\/uploads\/1000020755.jpg\" rel=\"noopener\" data-fslightbox=\"gallery\" data-type=\"image\" class=\"eb-gallery-img-content eb-filter-img-\"><span class=\"eb-gallery-link-wrapper\"><img decoding=\"async\" class=\"eb-gallery-img\" src=\"https:\/\/tacuarembo.gub.uy\/wp-content\/uploads\/1000020755.jpg\" image-index=\"5\" alt=\"\"\/><\/span><\/a><a href=\"https:\/\/tacuarembo.gub.uy\/wp-content\/uploads\/1000020752.jpg\" rel=\"noopener\" data-fslightbox=\"gallery\" data-type=\"image\" class=\"eb-gallery-img-content eb-filter-img-\"><span class=\"eb-gallery-link-wrapper\"><img decoding=\"async\" class=\"eb-gallery-img\" src=\"https:\/\/tacuarembo.gub.uy\/wp-content\/uploads\/1000020752.jpg\" image-index=\"6\" alt=\"\"\/><\/span><\/a><a href=\"https:\/\/tacuarembo.gub.uy\/wp-content\/uploads\/1000020751.jpg\" rel=\"noopener\" data-fslightbox=\"gallery\" data-type=\"image\" class=\"eb-gallery-img-content eb-filter-img-\"><span class=\"eb-gallery-link-wrapper\"><img decoding=\"async\" class=\"eb-gallery-img\" src=\"https:\/\/tacuarembo.gub.uy\/wp-content\/uploads\/1000020751.jpg\" image-index=\"7\" alt=\"\"\/><\/span><\/a><a href=\"https:\/\/tacuarembo.gub.uy\/wp-content\/uploads\/1000020750.jpg\" rel=\"noopener\" data-fslightbox=\"gallery\" data-type=\"image\" class=\"eb-gallery-img-content eb-filter-img-\"><span class=\"eb-gallery-link-wrapper\"><img decoding=\"async\" class=\"eb-gallery-img\" src=\"https:\/\/tacuarembo.gub.uy\/wp-content\/uploads\/1000020750.jpg\" image-index=\"8\" alt=\"\"\/><\/span><\/a><a href=\"https:\/\/tacuarembo.gub.uy\/wp-content\/uploads\/1000020749.jpg\" rel=\"noopener\" data-fslightbox=\"gallery\" data-type=\"image\" class=\"eb-gallery-img-content eb-filter-img-\"><span class=\"eb-gallery-link-wrapper\"><img decoding=\"async\" class=\"eb-gallery-img\" src=\"https:\/\/tacuarembo.gub.uy\/wp-content\/uploads\/1000020749.jpg\" image-index=\"9\" alt=\"\"\/><\/span><\/a><a href=\"https:\/\/tacuarembo.gub.uy\/wp-content\/uploads\/1000020748.jpg\" rel=\"noopener\" data-fslightbox=\"gallery\" data-type=\"image\" class=\"eb-gallery-img-content eb-filter-img-\"><span class=\"eb-gallery-link-wrapper\"><img decoding=\"async\" class=\"eb-gallery-img\" src=\"https:\/\/tacuarembo.gub.uy\/wp-content\/uploads\/1000020748.jpg\" image-index=\"10\" alt=\"\"\/><\/span><\/a><a href=\"https:\/\/tacuarembo.gub.uy\/wp-content\/uploads\/1000020747.jpg\" rel=\"noopener\" data-fslightbox=\"gallery\" data-type=\"image\" class=\"eb-gallery-img-content eb-filter-img-\"><span class=\"eb-gallery-link-wrapper\"><img decoding=\"async\" class=\"eb-gallery-img\" src=\"https:\/\/tacuarembo.gub.uy\/wp-content\/uploads\/1000020747.jpg\" image-index=\"11\" alt=\"\"\/><\/span><\/a><a href=\"https:\/\/tacuarembo.gub.uy\/wp-content\/uploads\/1000020746.jpg\" rel=\"noopener\" data-fslightbox=\"gallery\" data-type=\"image\" class=\"eb-gallery-img-content eb-filter-img-\"><span class=\"eb-gallery-link-wrapper\"><img decoding=\"async\" class=\"eb-gallery-img\" src=\"https:\/\/tacuarembo.gub.uy\/wp-content\/uploads\/1000020746.jpg\" image-index=\"12\" alt=\"\"\/><\/span><\/a><a href=\"https:\/\/tacuarembo.gub.uy\/wp-content\/uploads\/1000020745.jpg\" rel=\"noopener\" data-fslightbox=\"gallery\" data-type=\"image\" class=\"eb-gallery-img-content eb-filter-img-\"><span class=\"eb-gallery-link-wrapper\"><img decoding=\"async\" class=\"eb-gallery-img\" src=\"https:\/\/tacuarembo.gub.uy\/wp-content\/uploads\/1000020745.jpg\" image-index=\"13\" alt=\"\"\/><\/span><\/a><a href=\"https:\/\/tacuarembo.gub.uy\/wp-content\/uploads\/1000020744.jpg\" rel=\"noopener\" data-fslightbox=\"gallery\" data-type=\"image\" class=\"eb-gallery-img-content eb-filter-img-\"><span class=\"eb-gallery-link-wrapper\"><img decoding=\"async\" class=\"eb-gallery-img\" src=\"https:\/\/tacuarembo.gub.uy\/wp-content\/uploads\/1000020744.jpg\" image-index=\"14\" alt=\"\"\/><\/span><\/a><\/div><\/div><\/div>\n","protected":false},"excerpt":{"rendered":"<p>En un emotivo acto realizado este viernes 20 de junio, el Polideportivo de Tacuaremb\u00f3 fue designado con el nombre de Norberto Bernach\u00edn, en homenaje al ex intendente y referente del deporte y la vida pol\u00edtica del departamento<\/p>\n","protected":false},"author":3,"featured_media":31417,"comment_status":"open","ping_status":"open","sticky":false,"template":"","format":"standard","meta":{"_eb_attr":"","footnotes":""},"categories":[16],"tags":[],"class_list":{"0":"post-31402","1":"post","2":"type-post","3":"status-publish","4":"format-standard","5":"has-post-thumbnail","7":"category-noticias"},"_links":{"self":[{"href":"https:\/\/tacuarembo.gub.uy\/index.php?rest_route=\/wp\/v2\/posts\/31402","targetHints":{"allow":["GET"]}}],"collection":[{"href":"https:\/\/tacuarembo.gub.uy\/index.php?rest_route=\/wp\/v2\/posts"}],"about":[{"href":"https:\/\/tacuarembo.gub.uy\/index.php?rest_route=\/wp\/v2\/types\/post"}],"author":[{"embeddable":true,"href":"https:\/\/tacuarembo.gub.uy\/index.php?rest_route=\/wp\/v2\/users\/3"}],"replies":[{"embeddable":true,"href":"https:\/\/tacuarembo.gub.uy\/index.php?rest_route=%2Fwp%2Fv2%2Fcomments&post=31402"}],"version-history":[{"count":2,"href":"https:\/\/tacuarembo.gub.uy\/index.php?rest_route=\/wp\/v2\/posts\/31402\/revisions"}],"predecessor-version":[{"id":31419,"href":"https:\/\/tacuarembo.gub.uy\/index.php?rest_route=\/wp\/v2\/posts\/31402\/revisions\/31419"}],"wp:featuredmedia":[{"embeddable":true,"href":"https:\/\/tacuarembo.gub.uy\/index.php?rest_route=\/wp\/v2\/media\/31417"}],"wp:attachment":[{"href":"https:\/\/tacuarembo.gub.uy\/index.php?rest_route=%2Fwp%2Fv2%2Fmedia&parent=31402"}],"wp:term":[{"taxonomy":"category","embeddable":true,"href":"https:\/\/tacuarembo.gub.uy\/index.php?rest_route=%2Fwp%2Fv2%2Fcategories&post=31402"},{"taxonomy":"post_tag","embeddable":true,"href":"https:\/\/tacuarembo.gub.uy\/index.php?rest_route=%2Fwp%2Fv2%2Ftags&post=31402"}],"curies":[{"name":"wp","href":"https:\/\/api.w.org\/{rel}","templated":true}]}}