{"id":3135,"date":"2019-05-29T22:07:24","date_gmt":"2019-05-29T22:07:24","guid":{"rendered":"https:\/\/tacuarembo.gub.uy\/?p=3135"},"modified":"2019-05-29T22:07:24","modified_gmt":"2019-05-29T22:07:24","slug":"feria-de-beneficios-para-empresas","status":"publish","type":"post","link":"https:\/\/tacuarembo.gub.uy\/?p=3135","title":{"rendered":"Feria de Beneficios para Empresas"},"content":{"rendered":"\n<p>La Intendencia de Tacuaremb\u00f3 respald\u00f3 el desarrollo de este encuentro de oportunidades para empresas en coordinaci\u00f3n con el Ministerio de Industria, Centro de Competitividad y la Asociaci\u00f3n Empresarial. Se presentaron exitosos emprendimientos de Tacuaremb\u00f3 en diferentes rubros y un paquete de propuestas para lograr un mejor conocimiento de instrumentos para avanzar en sus objetivos. Desde la Direcci\u00f3n General de Prodema se destac\u00f3 el apoyo permanente a micro emprendimientos con sus diferentes programas y adem\u00e1s el abanico de posibilidades que brinda Mypestac.<\/p>\n\n\n\n<iframe loading=\"lazy\" width=\"695\" height=\"391\" src=\"https:\/\/www.youtube.com\/embed\/CQoxZEtunn8\" frameborder=\"0\" allow=\"accelerometer; autoplay; encrypted-media; gyroscope; picture-in-picture\" allowfullscreen><\/iframe>\n","protected":false},"excerpt":{"rendered":"<p>La Intendencia de Tacuaremb\u00f3 respald\u00f3 el desarrollo de este encuentro de oportunidades para empresas en coordinaci\u00f3n con el Ministerio de Industria, Centro de Competitividad y la Asociaci\u00f3n Empresarial. Se presentaron exitosos emprendimientos de Tacuaremb\u00f3 en diferentes rubros y un paquete de propuestas para lograr un mejor conocimiento de instrumentos para avanzar en sus objetivos.<\/p>\n","protected":false},"author":3,"featured_media":3136,"comment_status":"open","ping_status":"open","sticky":false,"template":"","format":"standard","meta":{"_eb_attr":"","footnotes":""},"categories":[16],"tags":[],"class_list":{"0":"post-3135","1":"post","2":"type-post","3":"status-publish","4":"format-standard","5":"has-post-thumbnail","7":"category-noticias"},"_links":{"self":[{"href":"https:\/\/tacuarembo.gub.uy\/index.php?rest_route=\/wp\/v2\/posts\/3135","targetHints":{"allow":["GET"]}}],"collection":[{"href":"https:\/\/tacuarembo.gub.uy\/index.php?rest_route=\/wp\/v2\/posts"}],"about":[{"href":"https:\/\/tacuarembo.gub.uy\/index.php?rest_route=\/wp\/v2\/types\/post"}],"author":[{"embeddable":true,"href":"https:\/\/tacuarembo.gub.uy\/index.php?rest_route=\/wp\/v2\/users\/3"}],"replies":[{"embeddable":true,"href":"https:\/\/tacuarembo.gub.uy\/index.php?rest_route=%2Fwp%2Fv2%2Fcomments&post=3135"}],"version-history":[{"count":1,"href":"https:\/\/tacuarembo.gub.uy\/index.php?rest_route=\/wp\/v2\/posts\/3135\/revisions"}],"predecessor-version":[{"id":3137,"href":"https:\/\/tacuarembo.gub.uy\/index.php?rest_route=\/wp\/v2\/posts\/3135\/revisions\/3137"}],"wp:featuredmedia":[{"embeddable":true,"href":"https:\/\/tacuarembo.gub.uy\/index.php?rest_route=\/wp\/v2\/media\/3136"}],"wp:attachment":[{"href":"https:\/\/tacuarembo.gub.uy\/index.php?rest_route=%2Fwp%2Fv2%2Fmedia&parent=3135"}],"wp:term":[{"taxonomy":"category","embeddable":true,"href":"https:\/\/tacuarembo.gub.uy\/index.php?rest_route=%2Fwp%2Fv2%2Fcategories&post=3135"},{"taxonomy":"post_tag","embeddable":true,"href":"https:\/\/tacuarembo.gub.uy\/index.php?rest_route=%2Fwp%2Fv2%2Ftags&post=3135"}],"curies":[{"name":"wp","href":"https:\/\/api.w.org\/{rel}","templated":true}]}}