{"id":31259,"date":"2025-06-06T14:25:30","date_gmt":"2025-06-06T17:25:30","guid":{"rendered":"https:\/\/tacuarembo.gub.uy\/?p=31259"},"modified":"2025-06-06T14:25:30","modified_gmt":"2025-06-06T17:25:30","slug":"transito-realizo-trabajos-de-senalizacion-y-colocacion-de-lomadas-en-curtina-y-camino-cerro-del-arbolito","status":"publish","type":"post","link":"https:\/\/tacuarembo.gub.uy\/?p=31259","title":{"rendered":"Tr\u00e1nsito realiz\u00f3 trabajos de se\u00f1alizaci\u00f3n y colocaci\u00f3n de lomadas en Curtina y camino Cerro del Arbolito"},"content":{"rendered":"\n<p>La Direcci\u00f3n General de Tr\u00e1nsito de la Intendencia de Tacuaremb\u00f3 ejecut\u00f3 trabajos de se\u00f1alizaci\u00f3n y colocaci\u00f3n de lomadas y enlentecedores de velocidad en dos puntos del departamento: la Avenida Flor del Ba\u00f1ado en Curtina, y en el camino Cerro del Arbolito.<\/p>\n\n\n\n<p>El director general de Tr\u00e1nsito, Jorge Ferreira, recorri\u00f3 ambas zonas y explic\u00f3 que las tareas responden a un pedido del intendente Eber da Rosa. \u201cSe est\u00e1n culminando los trabajos en el ingreso a la Avenida Flor del Ba\u00f1ado, que est\u00e1 pr\u00f3xima a ser inaugurada. Estuvimos all\u00ed junto a los funcionarios del \u00e1rea de se\u00f1alizaci\u00f3n para supervisar los detalles\u201d, se\u00f1al\u00f3.<\/p>\n\n\n\n<p>Posteriormente, Ferreira se traslad\u00f3 al camino Cerro del Arbolito, donde tambi\u00e9n se instalaron dispositivos de enlentecimiento del tr\u00e1nsito. Seg\u00fan indic\u00f3, la intervenci\u00f3n fue motivada por una solicitud presentada por la escuela local con el fin de brindar mayor seguridad vial. \u201cCon los recursos disponibles, estamos trabajando para regular la circulaci\u00f3n y garantizar entornos m\u00e1s seguros\u201d, afirm\u00f3 el jerarca<\/p>\n\n\n\n<div class=\"wp-block-image-gallery-block-image-gallery-block\"><div class=\"eb-parent-wrapper eb-parent-eb-image-gallery-ws3cc \"><div class=\"eb-gallery-img-wrapper eb-image-gallery-ws3cc grid overlay-bottom caption-style-0   no-isotope \" data-id=\"eb-image-gallery-ws3cc\"><a href=\"https:\/\/tacuarembo.gub.uy\/wp-content\/uploads\/WhatsApp-Image-2025-06-06-at-14.21.082.jpeg\" rel=\"noopener\" data-fslightbox=\"gallery\" data-type=\"image\" class=\"eb-gallery-img-content eb-filter-img-\"><span class=\"eb-gallery-link-wrapper\"><img decoding=\"async\" class=\"eb-gallery-img\" src=\"https:\/\/tacuarembo.gub.uy\/wp-content\/uploads\/WhatsApp-Image-2025-06-06-at-14.21.082.jpeg\" image-index=\"0\" alt=\"\"\/><\/span><\/a><a href=\"https:\/\/tacuarembo.gub.uy\/wp-content\/uploads\/WhatsApp-Image-2025-06-06-at-14.21.081.jpeg\" rel=\"noopener\" data-fslightbox=\"gallery\" data-type=\"image\" class=\"eb-gallery-img-content eb-filter-img-\"><span class=\"eb-gallery-link-wrapper\"><img decoding=\"async\" class=\"eb-gallery-img\" src=\"https:\/\/tacuarembo.gub.uy\/wp-content\/uploads\/WhatsApp-Image-2025-06-06-at-14.21.081.jpeg\" image-index=\"1\" alt=\"\"\/><\/span><\/a><a href=\"https:\/\/tacuarembo.gub.uy\/wp-content\/uploads\/WhatsApp-Image-2025-06-06-at-14.21.08.jpeg\" rel=\"noopener\" data-fslightbox=\"gallery\" data-type=\"image\" class=\"eb-gallery-img-content eb-filter-img-\"><span class=\"eb-gallery-link-wrapper\"><img decoding=\"async\" class=\"eb-gallery-img\" src=\"https:\/\/tacuarembo.gub.uy\/wp-content\/uploads\/WhatsApp-Image-2025-06-06-at-14.21.08.jpeg\" image-index=\"2\" alt=\"\"\/><\/span><\/a><a href=\"https:\/\/tacuarembo.gub.uy\/wp-content\/uploads\/WhatsApp-Image-2025-06-06-at-14.21.073.jpeg\" rel=\"noopener\" data-fslightbox=\"gallery\" data-type=\"image\" class=\"eb-gallery-img-content eb-filter-img-\"><span class=\"eb-gallery-link-wrapper\"><img decoding=\"async\" class=\"eb-gallery-img\" src=\"https:\/\/tacuarembo.gub.uy\/wp-content\/uploads\/WhatsApp-Image-2025-06-06-at-14.21.073.jpeg\" image-index=\"3\" alt=\"\"\/><\/span><\/a><a href=\"https:\/\/tacuarembo.gub.uy\/wp-content\/uploads\/WhatsApp-Image-2025-06-06-at-14.21.072.jpeg\" rel=\"noopener\" data-fslightbox=\"gallery\" data-type=\"image\" class=\"eb-gallery-img-content eb-filter-img-\"><span class=\"eb-gallery-link-wrapper\"><img decoding=\"async\" class=\"eb-gallery-img\" src=\"https:\/\/tacuarembo.gub.uy\/wp-content\/uploads\/WhatsApp-Image-2025-06-06-at-14.21.072.jpeg\" image-index=\"4\" alt=\"\"\/><\/span><\/a><a href=\"https:\/\/tacuarembo.gub.uy\/wp-content\/uploads\/WhatsApp-Image-2025-06-06-at-14.21.071.jpeg\" rel=\"noopener\" data-fslightbox=\"gallery\" data-type=\"image\" class=\"eb-gallery-img-content eb-filter-img-\"><span class=\"eb-gallery-link-wrapper\"><img decoding=\"async\" class=\"eb-gallery-img\" src=\"https:\/\/tacuarembo.gub.uy\/wp-content\/uploads\/WhatsApp-Image-2025-06-06-at-14.21.071.jpeg\" image-index=\"5\" alt=\"\"\/><\/span><\/a><a href=\"https:\/\/tacuarembo.gub.uy\/wp-content\/uploads\/WhatsApp-Image-2025-06-06-at-14.21.07.jpeg\" rel=\"noopener\" data-fslightbox=\"gallery\" data-type=\"image\" class=\"eb-gallery-img-content eb-filter-img-\"><span class=\"eb-gallery-link-wrapper\"><img decoding=\"async\" class=\"eb-gallery-img\" src=\"https:\/\/tacuarembo.gub.uy\/wp-content\/uploads\/WhatsApp-Image-2025-06-06-at-14.21.07.jpeg\" image-index=\"6\" alt=\"\"\/><\/span><\/a><a href=\"https:\/\/tacuarembo.gub.uy\/wp-content\/uploads\/WhatsApp-Image-2025-06-06-at-14.21.06.jpeg\" rel=\"noopener\" data-fslightbox=\"gallery\" data-type=\"image\" class=\"eb-gallery-img-content eb-filter-img-\"><span class=\"eb-gallery-link-wrapper\"><img decoding=\"async\" class=\"eb-gallery-img\" src=\"https:\/\/tacuarembo.gub.uy\/wp-content\/uploads\/WhatsApp-Image-2025-06-06-at-14.21.06.jpeg\" image-index=\"7\" alt=\"\"\/><\/span><\/a><\/div><\/div><\/div>\n","protected":false},"excerpt":{"rendered":"<p>La Direcci\u00f3n General de Tr\u00e1nsito de la Intendencia de Tacuaremb\u00f3 ejecut\u00f3 trabajos de se\u00f1alizaci\u00f3n y colocaci\u00f3n de lomadas y enlentecedores de velocidad en dos puntos del departamento: la Avenida Flor del Ba\u00f1ado en Curtina, y en el camino Cerro del Arbolito<\/p>\n","protected":false},"author":3,"featured_media":31266,"comment_status":"open","ping_status":"open","sticky":false,"template":"","format":"standard","meta":{"_eb_attr":"","footnotes":""},"categories":[16,33],"tags":[],"class_list":{"0":"post-31259","1":"post","2":"type-post","3":"status-publish","4":"format-standard","5":"has-post-thumbnail","7":"category-noticias","8":"category-transito"},"_links":{"self":[{"href":"https:\/\/tacuarembo.gub.uy\/index.php?rest_route=\/wp\/v2\/posts\/31259","targetHints":{"allow":["GET"]}}],"collection":[{"href":"https:\/\/tacuarembo.gub.uy\/index.php?rest_route=\/wp\/v2\/posts"}],"about":[{"href":"https:\/\/tacuarembo.gub.uy\/index.php?rest_route=\/wp\/v2\/types\/post"}],"author":[{"embeddable":true,"href":"https:\/\/tacuarembo.gub.uy\/index.php?rest_route=\/wp\/v2\/users\/3"}],"replies":[{"embeddable":true,"href":"https:\/\/tacuarembo.gub.uy\/index.php?rest_route=%2Fwp%2Fv2%2Fcomments&post=31259"}],"version-history":[{"count":1,"href":"https:\/\/tacuarembo.gub.uy\/index.php?rest_route=\/wp\/v2\/posts\/31259\/revisions"}],"predecessor-version":[{"id":31268,"href":"https:\/\/tacuarembo.gub.uy\/index.php?rest_route=\/wp\/v2\/posts\/31259\/revisions\/31268"}],"wp:featuredmedia":[{"embeddable":true,"href":"https:\/\/tacuarembo.gub.uy\/index.php?rest_route=\/wp\/v2\/media\/31266"}],"wp:attachment":[{"href":"https:\/\/tacuarembo.gub.uy\/index.php?rest_route=%2Fwp%2Fv2%2Fmedia&parent=31259"}],"wp:term":[{"taxonomy":"category","embeddable":true,"href":"https:\/\/tacuarembo.gub.uy\/index.php?rest_route=%2Fwp%2Fv2%2Fcategories&post=31259"},{"taxonomy":"post_tag","embeddable":true,"href":"https:\/\/tacuarembo.gub.uy\/index.php?rest_route=%2Fwp%2Fv2%2Ftags&post=31259"}],"curies":[{"name":"wp","href":"https:\/\/api.w.org\/{rel}","templated":true}]}}