{"id":31201,"date":"2025-06-04T14:58:46","date_gmt":"2025-06-04T17:58:46","guid":{"rendered":"https:\/\/tacuarembo.gub.uy\/?p=31201"},"modified":"2025-06-04T15:51:28","modified_gmt":"2025-06-04T18:51:28","slug":"odo-pronto-para-la-26-a-edicion-del-certamen-veni-a-cantarle-a-gardel-en-tacuarembo","status":"publish","type":"post","link":"https:\/\/tacuarembo.gub.uy\/?p=31201","title":{"rendered":"Todo pronto para la 26\u00aa. edici\u00f3n del certamen \u201cVen\u00ed a cantarle a Gardel\u201d en Tacuaremb\u00f3\u00bb"},"content":{"rendered":"\n<p>La Intendencia de Tacuaremb\u00f3, junto con la Fundaci\u00f3n Carlos Gardel, anunci\u00f3 la realizaci\u00f3n de la vig\u00e9sima sexta edici\u00f3n del certamen Nacional de la Canci\u00f3n y de los Nuevos Talentos \u201cVen\u00ed a cantarle a Gardel\u201d, que se llevar\u00e1 a cabo los d\u00edas viernes 6, s\u00e1bado 7 y domingo 8 de junio en la Sala Brocco, a partir de las 19 horas.<\/p>\n\n\n\n<p>El evento contar\u00e1 con la participaci\u00f3n de 35 representantes provenientes de distintos puntos del pa\u00eds, incluyendo ciudades como Mercedes, Rivera, Carmelo, Paysand\u00fa, San Jos\u00e9 de Mayo, Las Piedras, Montevideo, Tacuaremb\u00f3, San Gregorio de Polanco, Paso de los Toros y Curtina.<\/p>\n\n\n\n<p>Seg\u00fan inform\u00f3 el director general de Cultura, Carlos Arezo, los g\u00e9neros musicales estar\u00e1n distribuidos de la siguiente manera: 8 participantes en folclore, 7 en tango, 13 en mel\u00f3dico y 7 en tropical.<\/p>\n\n\n\n<p>El jurado estar\u00e1 compuesto por Ignacio Su\u00e1rez en representaci\u00f3n de AGADU, Renee de Le\u00f3n por AUDEM, Nelson Delgado, m\u00fasico y periodista de Radio Rivera, y en representaci\u00f3n de la Direcci\u00f3n de Educaci\u00f3n y Cultura, Ignacio Borad.<\/p>\n\n\n\n<p>Arezo destac\u00f3 la importancia del certamen como plataforma para la difusi\u00f3n de nuevos talentos nacionales y extendi\u00f3 la invitaci\u00f3n a toda la comunidad a acompa\u00f1ar a los artistas, en especial a los representantes del departamento, en estas tres jornadas de m\u00fasica y talento.<\/p>\n\n\n\n<figure class=\"wp-block-image size-full\"><img loading=\"lazy\" decoding=\"async\" width=\"900\" height=\"1600\" src=\"https:\/\/tacuarembo.gub.uy\/wp-content\/uploads\/WhatsApp-Image-2025-06-04-at-14.46.42-1.jpeg\" alt=\"\" class=\"wp-image-31203\" srcset=\"https:\/\/tacuarembo.gub.uy\/wp-content\/uploads\/WhatsApp-Image-2025-06-04-at-14.46.42-1.jpeg 900w, https:\/\/tacuarembo.gub.uy\/wp-content\/uploads\/WhatsApp-Image-2025-06-04-at-14.46.42-1-768x1365.jpeg 768w, https:\/\/tacuarembo.gub.uy\/wp-content\/uploads\/WhatsApp-Image-2025-06-04-at-14.46.42-1-864x1536.jpeg 864w\" sizes=\"auto, (max-width: 900px) 100vw, 900px\" \/><\/figure>\n","protected":false},"excerpt":{"rendered":"<p>La Intendencia de Tacuaremb\u00f3, junto con la Fundaci\u00f3n Carlos Gardel, anunci\u00f3 la realizaci\u00f3n de la vig\u00e9sima sexta edici\u00f3n del certamen Nacional de la Canci\u00f3n y de los Nuevos Talentos \u201cVen\u00ed a cantarle a Gardel\u201d, que se llevar\u00e1 a cabo los d\u00edas viernes 6, s\u00e1bado 7 y domingo 8 de junio en la Sala Brocco, a partir de las 19 horas<\/p>\n","protected":false},"author":3,"featured_media":31214,"comment_status":"open","ping_status":"open","sticky":false,"template":"","format":"standard","meta":{"_eb_attr":"","footnotes":""},"categories":[18,16],"tags":[],"class_list":{"0":"post-31201","1":"post","2":"type-post","3":"status-publish","4":"format-standard","5":"has-post-thumbnail","7":"category-cultura","8":"category-noticias"},"_links":{"self":[{"href":"https:\/\/tacuarembo.gub.uy\/index.php?rest_route=\/wp\/v2\/posts\/31201","targetHints":{"allow":["GET"]}}],"collection":[{"href":"https:\/\/tacuarembo.gub.uy\/index.php?rest_route=\/wp\/v2\/posts"}],"about":[{"href":"https:\/\/tacuarembo.gub.uy\/index.php?rest_route=\/wp\/v2\/types\/post"}],"author":[{"embeddable":true,"href":"https:\/\/tacuarembo.gub.uy\/index.php?rest_route=\/wp\/v2\/users\/3"}],"replies":[{"embeddable":true,"href":"https:\/\/tacuarembo.gub.uy\/index.php?rest_route=%2Fwp%2Fv2%2Fcomments&post=31201"}],"version-history":[{"count":3,"href":"https:\/\/tacuarembo.gub.uy\/index.php?rest_route=\/wp\/v2\/posts\/31201\/revisions"}],"predecessor-version":[{"id":31215,"href":"https:\/\/tacuarembo.gub.uy\/index.php?rest_route=\/wp\/v2\/posts\/31201\/revisions\/31215"}],"wp:featuredmedia":[{"embeddable":true,"href":"https:\/\/tacuarembo.gub.uy\/index.php?rest_route=\/wp\/v2\/media\/31214"}],"wp:attachment":[{"href":"https:\/\/tacuarembo.gub.uy\/index.php?rest_route=%2Fwp%2Fv2%2Fmedia&parent=31201"}],"wp:term":[{"taxonomy":"category","embeddable":true,"href":"https:\/\/tacuarembo.gub.uy\/index.php?rest_route=%2Fwp%2Fv2%2Fcategories&post=31201"},{"taxonomy":"post_tag","embeddable":true,"href":"https:\/\/tacuarembo.gub.uy\/index.php?rest_route=%2Fwp%2Fv2%2Ftags&post=31201"}],"curies":[{"name":"wp","href":"https:\/\/api.w.org\/{rel}","templated":true}]}}