{"id":31109,"date":"2025-05-29T13:38:29","date_gmt":"2025-05-29T16:38:29","guid":{"rendered":"https:\/\/tacuarembo.gub.uy\/?p=31109"},"modified":"2025-05-29T13:38:29","modified_gmt":"2025-05-29T16:38:29","slug":"infraestructura-sala-brocco-incorporo-nuevos-equipos-de-audio-e-iluminacion","status":"publish","type":"post","link":"https:\/\/tacuarembo.gub.uy\/?p=31109","title":{"rendered":"Infraestructura: Sala Brocco incorpor\u00f3 nuevos equipos de audio e iluminaci\u00f3n"},"content":{"rendered":"\n<p>La Casa de la Cultura de Tacuaremb\u00f3 vivi\u00f3 una jornada especial con la presentaci\u00f3n de nuevos equipos de audio e iluminaci\u00f3n en uno de los espacios culturales m\u00e1s emblem\u00e1ticos del departamento.<\/p>\n\n\n\n<p>El director general de Cultura, Carlos Arezo, expres\u00f3 su orgullo por la incorporaci\u00f3n de esta tecnolog\u00eda, que representa un gran salto en la calidad de los espect\u00e1culos que se podr\u00e1n ofrecer. Record\u00f3 que cuando asumi\u00f3 su cargo en 2008, la situaci\u00f3n era muy diferente: \u201cNo hab\u00eda nada, siempre hab\u00eda que alquilar. Buscamos soluciones mediante distintos contactos, recibimos apoyo de Corea del Sur y luego nos presentamos a un Fondo Concursable del Ministerio de Educaci\u00f3n y Cultura, donde ganamos el primer premio de 20 mil d\u00f3lares\u201d, detall\u00f3.<\/p>\n\n\n\n<p>Gracias a ese aporte, fue posible adquirir parlantes, micr\u00f3fonos, jirafas, tr\u00edpodes, m\u00e1quina de humo, soportes de iluminaci\u00f3n, bater\u00edas, consola de luces, entre otros elementos fundamentales para mejorar la infraestructura t\u00e9cnica de la sala.<\/p>\n\n\n\n<p>Por su parte, Patricia Robasto, representante del Fondo de Desarrollo de Infraestructuras Culturales del MEC, record\u00f3 que durante una visita al lugar se constat\u00f3 la necesidad de mejorar la Sala Brocco, un espacio que es ampliamente utilizado. Subray\u00f3 que los postulantes debieron presentar no solo las necesidades de equipamiento, sino tambi\u00e9n una propuesta clara de gesti\u00f3n del espacio que fue determinante para la aprobaci\u00f3n del proyecto.<\/p>\n\n\n\n<p>El intendente Eber da Rosa tambi\u00e9n estuvo presente y evoc\u00f3 los inicios de este proyecto cultural, recordando a la maestra Teresita P\u00e9rez, quien fue directora de Cultura durante sus dos per\u00edodos anteriores al frente de la Intendencia. Indic\u00f3 que \u201cen aquella \u00e9poca, las dificultades econ\u00f3micas eran mucho mayores y no exist\u00edan transferencias de partidas. Ella me plante\u00f3 la necesidad de hacer una sala de teatro, as\u00ed se instal\u00f3 la primera sala en este local, y luego tuve el honor de participar de muchos eventos aqu\u00ed. Hoy se logra todo esto, que significa redinamizar la Sala Brocco\u201d, destac\u00f3.<\/p>\n\n\n\n<div class=\"wp-block-image-gallery-block-image-gallery-block\"><div class=\"eb-parent-wrapper eb-parent-eb-image-gallery-15drv \"><div class=\"eb-gallery-img-wrapper eb-image-gallery-15drv grid overlay-bottom caption-style-0   no-isotope \" data-id=\"eb-image-gallery-15drv\"><a href=\"https:\/\/tacuarembo.gub.uy\/wp-content\/uploads\/WhatsApp-Image-2025-05-29-at-13.36.111.jpeg\" rel=\"noopener\" data-fslightbox=\"gallery\" data-type=\"image\" class=\"eb-gallery-img-content eb-filter-img-\"><span class=\"eb-gallery-link-wrapper\"><img decoding=\"async\" class=\"eb-gallery-img\" src=\"https:\/\/tacuarembo.gub.uy\/wp-content\/uploads\/WhatsApp-Image-2025-05-29-at-13.36.111.jpeg\" image-index=\"0\" alt=\"\"\/><\/span><\/a><a href=\"https:\/\/tacuarembo.gub.uy\/wp-content\/uploads\/WhatsApp-Image-2025-05-29-at-13.36.11.jpeg\" rel=\"noopener\" data-fslightbox=\"gallery\" data-type=\"image\" class=\"eb-gallery-img-content eb-filter-img-\"><span class=\"eb-gallery-link-wrapper\"><img decoding=\"async\" class=\"eb-gallery-img\" src=\"https:\/\/tacuarembo.gub.uy\/wp-content\/uploads\/WhatsApp-Image-2025-05-29-at-13.36.11.jpeg\" image-index=\"1\" alt=\"\"\/><\/span><\/a><a href=\"https:\/\/tacuarembo.gub.uy\/wp-content\/uploads\/WhatsApp-Image-2025-05-29-at-13.36.103.jpeg\" rel=\"noopener\" data-fslightbox=\"gallery\" data-type=\"image\" class=\"eb-gallery-img-content eb-filter-img-\"><span class=\"eb-gallery-link-wrapper\"><img decoding=\"async\" class=\"eb-gallery-img\" src=\"https:\/\/tacuarembo.gub.uy\/wp-content\/uploads\/WhatsApp-Image-2025-05-29-at-13.36.103.jpeg\" image-index=\"2\" alt=\"\"\/><\/span><\/a><a href=\"https:\/\/tacuarembo.gub.uy\/wp-content\/uploads\/WhatsApp-Image-2025-05-29-at-13.36.102.jpeg\" rel=\"noopener\" data-fslightbox=\"gallery\" data-type=\"image\" class=\"eb-gallery-img-content eb-filter-img-\"><span class=\"eb-gallery-link-wrapper\"><img decoding=\"async\" class=\"eb-gallery-img\" src=\"https:\/\/tacuarembo.gub.uy\/wp-content\/uploads\/WhatsApp-Image-2025-05-29-at-13.36.102.jpeg\" image-index=\"3\" alt=\"\"\/><\/span><\/a><a href=\"https:\/\/tacuarembo.gub.uy\/wp-content\/uploads\/WhatsApp-Image-2025-05-29-at-13.36.101.jpeg\" rel=\"noopener\" data-fslightbox=\"gallery\" data-type=\"image\" class=\"eb-gallery-img-content eb-filter-img-\"><span class=\"eb-gallery-link-wrapper\"><img decoding=\"async\" class=\"eb-gallery-img\" src=\"https:\/\/tacuarembo.gub.uy\/wp-content\/uploads\/WhatsApp-Image-2025-05-29-at-13.36.101.jpeg\" image-index=\"4\" alt=\"\"\/><\/span><\/a><a href=\"https:\/\/tacuarembo.gub.uy\/wp-content\/uploads\/WhatsApp-Image-2025-05-29-at-13.36.10.jpeg\" rel=\"noopener\" data-fslightbox=\"gallery\" data-type=\"image\" class=\"eb-gallery-img-content eb-filter-img-\"><span class=\"eb-gallery-link-wrapper\"><img decoding=\"async\" class=\"eb-gallery-img\" src=\"https:\/\/tacuarembo.gub.uy\/wp-content\/uploads\/WhatsApp-Image-2025-05-29-at-13.36.10.jpeg\" image-index=\"5\" alt=\"\"\/><\/span><\/a><a href=\"https:\/\/tacuarembo.gub.uy\/wp-content\/uploads\/WhatsApp-Image-2025-05-29-at-13.36.091.jpeg\" rel=\"noopener\" data-fslightbox=\"gallery\" data-type=\"image\" class=\"eb-gallery-img-content eb-filter-img-\"><span class=\"eb-gallery-link-wrapper\"><img decoding=\"async\" class=\"eb-gallery-img\" src=\"https:\/\/tacuarembo.gub.uy\/wp-content\/uploads\/WhatsApp-Image-2025-05-29-at-13.36.091.jpeg\" image-index=\"6\" alt=\"\"\/><\/span><\/a><a href=\"https:\/\/tacuarembo.gub.uy\/wp-content\/uploads\/WhatsApp-Image-2025-05-29-at-13.36.09.jpeg\" rel=\"noopener\" data-fslightbox=\"gallery\" data-type=\"image\" class=\"eb-gallery-img-content eb-filter-img-\"><span class=\"eb-gallery-link-wrapper\"><img decoding=\"async\" class=\"eb-gallery-img\" src=\"https:\/\/tacuarembo.gub.uy\/wp-content\/uploads\/WhatsApp-Image-2025-05-29-at-13.36.09.jpeg\" image-index=\"7\" alt=\"\"\/><\/span><\/a><a href=\"https:\/\/tacuarembo.gub.uy\/wp-content\/uploads\/WhatsApp-Image-2025-05-29-at-13.36.082.jpeg\" rel=\"noopener\" data-fslightbox=\"gallery\" data-type=\"image\" class=\"eb-gallery-img-content eb-filter-img-\"><span class=\"eb-gallery-link-wrapper\"><img decoding=\"async\" class=\"eb-gallery-img\" src=\"https:\/\/tacuarembo.gub.uy\/wp-content\/uploads\/WhatsApp-Image-2025-05-29-at-13.36.082.jpeg\" image-index=\"8\" alt=\"\"\/><\/span><\/a><a href=\"https:\/\/tacuarembo.gub.uy\/wp-content\/uploads\/WhatsApp-Image-2025-05-29-at-13.36.081.jpeg\" rel=\"noopener\" data-fslightbox=\"gallery\" data-type=\"image\" class=\"eb-gallery-img-content eb-filter-img-\"><span class=\"eb-gallery-link-wrapper\"><img decoding=\"async\" class=\"eb-gallery-img\" src=\"https:\/\/tacuarembo.gub.uy\/wp-content\/uploads\/WhatsApp-Image-2025-05-29-at-13.36.081.jpeg\" image-index=\"9\" alt=\"\"\/><\/span><\/a><a href=\"https:\/\/tacuarembo.gub.uy\/wp-content\/uploads\/WhatsApp-Image-2025-05-29-at-13.36.08.jpeg\" rel=\"noopener\" data-fslightbox=\"gallery\" data-type=\"image\" class=\"eb-gallery-img-content eb-filter-img-\"><span class=\"eb-gallery-link-wrapper\"><img decoding=\"async\" class=\"eb-gallery-img\" src=\"https:\/\/tacuarembo.gub.uy\/wp-content\/uploads\/WhatsApp-Image-2025-05-29-at-13.36.08.jpeg\" image-index=\"10\" alt=\"\"\/><\/span><\/a><a href=\"https:\/\/tacuarembo.gub.uy\/wp-content\/uploads\/WhatsApp-Image-2025-05-29-at-13.36.071.jpeg\" rel=\"noopener\" data-fslightbox=\"gallery\" data-type=\"image\" class=\"eb-gallery-img-content eb-filter-img-\"><span class=\"eb-gallery-link-wrapper\"><img decoding=\"async\" class=\"eb-gallery-img\" src=\"https:\/\/tacuarembo.gub.uy\/wp-content\/uploads\/WhatsApp-Image-2025-05-29-at-13.36.071.jpeg\" image-index=\"11\" alt=\"\"\/><\/span><\/a><a href=\"https:\/\/tacuarembo.gub.uy\/wp-content\/uploads\/WhatsApp-Image-2025-05-29-at-13.36.07.jpeg\" rel=\"noopener\" data-fslightbox=\"gallery\" data-type=\"image\" class=\"eb-gallery-img-content eb-filter-img-\"><span class=\"eb-gallery-link-wrapper\"><img decoding=\"async\" class=\"eb-gallery-img\" src=\"https:\/\/tacuarembo.gub.uy\/wp-content\/uploads\/WhatsApp-Image-2025-05-29-at-13.36.07.jpeg\" image-index=\"12\" alt=\"\"\/><\/span><\/a><\/div><\/div><\/div>\n","protected":false},"excerpt":{"rendered":"<p>La Casa de la Cultura de Tacuaremb\u00f3 vivi\u00f3 una jornada especial con la presentaci\u00f3n de nuevos equipos de audio e iluminaci\u00f3n en uno de los espacios culturales m\u00e1s emblem\u00e1ticos del departamento.<\/p>\n","protected":false},"author":3,"featured_media":31113,"comment_status":"open","ping_status":"open","sticky":false,"template":"","format":"standard","meta":{"_eb_attr":"","footnotes":""},"categories":[18,16],"tags":[],"class_list":{"0":"post-31109","1":"post","2":"type-post","3":"status-publish","4":"format-standard","5":"has-post-thumbnail","7":"category-cultura","8":"category-noticias"},"_links":{"self":[{"href":"https:\/\/tacuarembo.gub.uy\/index.php?rest_route=\/wp\/v2\/posts\/31109","targetHints":{"allow":["GET"]}}],"collection":[{"href":"https:\/\/tacuarembo.gub.uy\/index.php?rest_route=\/wp\/v2\/posts"}],"about":[{"href":"https:\/\/tacuarembo.gub.uy\/index.php?rest_route=\/wp\/v2\/types\/post"}],"author":[{"embeddable":true,"href":"https:\/\/tacuarembo.gub.uy\/index.php?rest_route=\/wp\/v2\/users\/3"}],"replies":[{"embeddable":true,"href":"https:\/\/tacuarembo.gub.uy\/index.php?rest_route=%2Fwp%2Fv2%2Fcomments&post=31109"}],"version-history":[{"count":1,"href":"https:\/\/tacuarembo.gub.uy\/index.php?rest_route=\/wp\/v2\/posts\/31109\/revisions"}],"predecessor-version":[{"id":31123,"href":"https:\/\/tacuarembo.gub.uy\/index.php?rest_route=\/wp\/v2\/posts\/31109\/revisions\/31123"}],"wp:featuredmedia":[{"embeddable":true,"href":"https:\/\/tacuarembo.gub.uy\/index.php?rest_route=\/wp\/v2\/media\/31113"}],"wp:attachment":[{"href":"https:\/\/tacuarembo.gub.uy\/index.php?rest_route=%2Fwp%2Fv2%2Fmedia&parent=31109"}],"wp:term":[{"taxonomy":"category","embeddable":true,"href":"https:\/\/tacuarembo.gub.uy\/index.php?rest_route=%2Fwp%2Fv2%2Fcategories&post=31109"},{"taxonomy":"post_tag","embeddable":true,"href":"https:\/\/tacuarembo.gub.uy\/index.php?rest_route=%2Fwp%2Fv2%2Ftags&post=31109"}],"curies":[{"name":"wp","href":"https:\/\/api.w.org\/{rel}","templated":true}]}}