{"id":3086,"date":"2019-05-28T00:26:24","date_gmt":"2019-05-28T00:26:24","guid":{"rendered":"https:\/\/tacuarembo.gub.uy\/?p=3086"},"modified":"2019-05-28T00:26:24","modified_gmt":"2019-05-28T00:26:24","slug":"el-intendente-eber-da-rosa-inaugurara-obras-en-villa-ansina","status":"publish","type":"post","link":"https:\/\/tacuarembo.gub.uy\/?p=3086","title":{"rendered":"El Intendente Eber Da Rosa inaugurar\u00e1 obras en Villa Ansina"},"content":{"rendered":"\n<p>Junto al alcalde Pablo de los Santos este viernes 31 se proceder\u00e1 a inaugurar la nueva luminaria Led, la mejora de calles con riego bituminoso doble y el cord\u00f3n cuneta. El acto est\u00e1 previsto para las 17 y 30 en Mevir III en el cruce de las calles Alberto Gallinal y Saldanha de Mattos. Est\u00e1 previsto act\u00fae la Orquesta Tacuaremb\u00f3 y se proceda al corte de la cinta m\u00e1s el encendido de las luces.Los vecinos expresaron su agradecimiento a la Intendencia por la mejora lograda para la Villa junto al Municipio.<\/p>\n\n\n\n<iframe loading=\"lazy\" width=\"695\" height=\"391\" src=\"https:\/\/www.youtube.com\/embed\/khiTAdG9z3k\" frameborder=\"0\" allow=\"accelerometer; autoplay; encrypted-media; gyroscope; picture-in-picture\" allowfullscreen><\/iframe>\n","protected":false},"excerpt":{"rendered":"<p>unto al alcalde Pablo de los Santos este viernes 31 se proceder\u00e1 a inaugurar la nueva luminaria Led, la mejora de calles con riego bituminoso doble y el cord\u00f3n cuneta. El acto est\u00e1 previsto para las 17 y 30 en Mevir III en el cruce de las calles Alberto Gallinal y Saldanha de Mattos. <\/p>\n","protected":false},"author":3,"featured_media":3087,"comment_status":"open","ping_status":"open","sticky":false,"template":"","format":"standard","meta":{"_eb_attr":"","footnotes":""},"categories":[16],"tags":[],"class_list":{"0":"post-3086","1":"post","2":"type-post","3":"status-publish","4":"format-standard","5":"has-post-thumbnail","7":"category-noticias"},"_links":{"self":[{"href":"https:\/\/tacuarembo.gub.uy\/index.php?rest_route=\/wp\/v2\/posts\/3086","targetHints":{"allow":["GET"]}}],"collection":[{"href":"https:\/\/tacuarembo.gub.uy\/index.php?rest_route=\/wp\/v2\/posts"}],"about":[{"href":"https:\/\/tacuarembo.gub.uy\/index.php?rest_route=\/wp\/v2\/types\/post"}],"author":[{"embeddable":true,"href":"https:\/\/tacuarembo.gub.uy\/index.php?rest_route=\/wp\/v2\/users\/3"}],"replies":[{"embeddable":true,"href":"https:\/\/tacuarembo.gub.uy\/index.php?rest_route=%2Fwp%2Fv2%2Fcomments&post=3086"}],"version-history":[{"count":1,"href":"https:\/\/tacuarembo.gub.uy\/index.php?rest_route=\/wp\/v2\/posts\/3086\/revisions"}],"predecessor-version":[{"id":3088,"href":"https:\/\/tacuarembo.gub.uy\/index.php?rest_route=\/wp\/v2\/posts\/3086\/revisions\/3088"}],"wp:featuredmedia":[{"embeddable":true,"href":"https:\/\/tacuarembo.gub.uy\/index.php?rest_route=\/wp\/v2\/media\/3087"}],"wp:attachment":[{"href":"https:\/\/tacuarembo.gub.uy\/index.php?rest_route=%2Fwp%2Fv2%2Fmedia&parent=3086"}],"wp:term":[{"taxonomy":"category","embeddable":true,"href":"https:\/\/tacuarembo.gub.uy\/index.php?rest_route=%2Fwp%2Fv2%2Fcategories&post=3086"},{"taxonomy":"post_tag","embeddable":true,"href":"https:\/\/tacuarembo.gub.uy\/index.php?rest_route=%2Fwp%2Fv2%2Ftags&post=3086"}],"curies":[{"name":"wp","href":"https:\/\/api.w.org\/{rel}","templated":true}]}}