{"id":3081,"date":"2019-05-25T00:00:53","date_gmt":"2019-05-25T00:00:53","guid":{"rendered":"https:\/\/tacuarembo.gub.uy\/?p=3081"},"modified":"2019-05-28T19:10:12","modified_gmt":"2019-05-28T19:10:12","slug":"elecciones-en-centro-de-barrio-no-6-2","status":"publish","type":"post","link":"https:\/\/tacuarembo.gub.uy\/?p=3081","title":{"rendered":"Elecciones en  Centro de Barrio N\u00ba 6"},"content":{"rendered":"\n<p>La\nDir.Gral. Desarrollo Social, Dir. Promoci\u00f3n Social invita a vecinos y\ncomisiones barriales de: Zapic\u00e1n, N\u00fa\u00f1ez, Montevideo, Licandro, Cuchilla de la\nGloria y El Patio, que contin\u00faan las inscripciones para nuevas autoridades de\nMesa Ejecutiva y Comisi\u00f3n Fiscal de Centro de Barrio N\u00ba 6 que se llevar\u00e1 a cabo\nel domingo 2 de junio en horario de 09:00 a 14:00.&nbsp; Inscripciones en Centro de Barrio N\u00ba 6 y en\noficina de Promoci\u00f3n Social hasta el pr\u00f3ximo jueves 30 de mayo en horario de\n12:30 a 18:00 horas, con los siguientes requisitos: ser mayor de 18 a\u00f1os,\ncontar con antig\u00fcedad de por lo menos 6 meses de residencia en la zona,\nconcurrir con c\u00e9dula de identidad, recibo de Ute, Ose o Antel que acredite su\ndomicilio.<\/p>\n","protected":false},"excerpt":{"rendered":"<p>La Dir.Gral. Desarrollo Social, Dir. Promoci\u00f3n Social invita a vecinos y comisiones barriales de: Zapic\u00e1n, N\u00fa\u00f1ez, Montevideo, Licandro, Cuchilla de la Gloria y El Patio, que contin\u00faan las inscripciones para nuevas autoridades de Mesa Ejecutiva y Comisi\u00f3n Fiscal de Centro de Barrio N\u00ba 6 que se llevar\u00e1 a cabo el domingo 2 de junio en horario de 09:00 a 14:00<\/p>\n","protected":false},"author":3,"featured_media":3089,"comment_status":"open","ping_status":"open","sticky":false,"template":"","format":"standard","meta":{"_eb_attr":"","footnotes":""},"categories":[16],"tags":[],"class_list":{"0":"post-3081","1":"post","2":"type-post","3":"status-publish","4":"format-standard","5":"has-post-thumbnail","7":"category-noticias"},"_links":{"self":[{"href":"https:\/\/tacuarembo.gub.uy\/index.php?rest_route=\/wp\/v2\/posts\/3081","targetHints":{"allow":["GET"]}}],"collection":[{"href":"https:\/\/tacuarembo.gub.uy\/index.php?rest_route=\/wp\/v2\/posts"}],"about":[{"href":"https:\/\/tacuarembo.gub.uy\/index.php?rest_route=\/wp\/v2\/types\/post"}],"author":[{"embeddable":true,"href":"https:\/\/tacuarembo.gub.uy\/index.php?rest_route=\/wp\/v2\/users\/3"}],"replies":[{"embeddable":true,"href":"https:\/\/tacuarembo.gub.uy\/index.php?rest_route=%2Fwp%2Fv2%2Fcomments&post=3081"}],"version-history":[{"count":1,"href":"https:\/\/tacuarembo.gub.uy\/index.php?rest_route=\/wp\/v2\/posts\/3081\/revisions"}],"predecessor-version":[{"id":3082,"href":"https:\/\/tacuarembo.gub.uy\/index.php?rest_route=\/wp\/v2\/posts\/3081\/revisions\/3082"}],"wp:featuredmedia":[{"embeddable":true,"href":"https:\/\/tacuarembo.gub.uy\/index.php?rest_route=\/wp\/v2\/media\/3089"}],"wp:attachment":[{"href":"https:\/\/tacuarembo.gub.uy\/index.php?rest_route=%2Fwp%2Fv2%2Fmedia&parent=3081"}],"wp:term":[{"taxonomy":"category","embeddable":true,"href":"https:\/\/tacuarembo.gub.uy\/index.php?rest_route=%2Fwp%2Fv2%2Fcategories&post=3081"},{"taxonomy":"post_tag","embeddable":true,"href":"https:\/\/tacuarembo.gub.uy\/index.php?rest_route=%2Fwp%2Fv2%2Ftags&post=3081"}],"curies":[{"name":"wp","href":"https:\/\/api.w.org\/{rel}","templated":true}]}}