{"id":3077,"date":"2019-05-24T19:03:16","date_gmt":"2019-05-24T19:03:16","guid":{"rendered":"https:\/\/tacuarembo.gub.uy\/?p=3077"},"modified":"2019-05-24T19:03:16","modified_gmt":"2019-05-24T19:03:16","slug":"espacio-de-los-inmigrantes","status":"publish","type":"post","link":"https:\/\/tacuarembo.gub.uy\/?p=3077","title":{"rendered":"\u201cEspacio de los Inmigrantes\u201d"},"content":{"rendered":"\n<p>Por Resoluci\u00f3n N\u00ba 0997\/2019, seg\u00fan Decreto N\u00ba 17\/19 de la\nJunta Departamental del 9 de mayo del corriente a\u00f1o.&nbsp; Art\u00edculo 1\u00ba, conc\u00e9dase la anuencia a la\nIntendencia Departamental de Tacuaremb\u00f3, para la construcci\u00f3n de un espacio\np\u00fablico denominado \u201cEspacio de los Inmigrantes\u201d, en el sitio ubicado frente al\nCentro Socio Cultural \u201cSan Gabriel\u201d, ubicado sobre Avda. Rep\u00fablica Argentina de\nnuestra ciudad.&nbsp; El Intendente de\nTacuaremb\u00f3, Resuelve: 1\u00ba) Prom\u00falguese el Decreto N\u00ba 17\/19 de la Junta\nDepartamental de fecha 9 de Mayo del 2019.<\/p>\n","protected":false},"excerpt":{"rendered":"<p>Por Resoluci\u00f3n N\u00ba 0997\/2019, seg\u00fan Decreto N\u00ba 17\/19 de la Junta Departamental del 9 de mayo del corriente a\u00f1o.  Art\u00edculo 1\u00ba, conc\u00e9dase la anuencia a la Intendencia Departamental de Tacuaremb\u00f3, para la construcci\u00f3n de un espacio p\u00fablico denominado \u201cEspacio de los Inmigrantes\u201d<\/p>\n","protected":false},"author":3,"featured_media":3050,"comment_status":"open","ping_status":"open","sticky":false,"template":"","format":"standard","meta":{"_eb_attr":"","footnotes":""},"categories":[16],"tags":[],"class_list":{"0":"post-3077","1":"post","2":"type-post","3":"status-publish","4":"format-standard","5":"has-post-thumbnail","7":"category-noticias"},"_links":{"self":[{"href":"https:\/\/tacuarembo.gub.uy\/index.php?rest_route=\/wp\/v2\/posts\/3077","targetHints":{"allow":["GET"]}}],"collection":[{"href":"https:\/\/tacuarembo.gub.uy\/index.php?rest_route=\/wp\/v2\/posts"}],"about":[{"href":"https:\/\/tacuarembo.gub.uy\/index.php?rest_route=\/wp\/v2\/types\/post"}],"author":[{"embeddable":true,"href":"https:\/\/tacuarembo.gub.uy\/index.php?rest_route=\/wp\/v2\/users\/3"}],"replies":[{"embeddable":true,"href":"https:\/\/tacuarembo.gub.uy\/index.php?rest_route=%2Fwp%2Fv2%2Fcomments&post=3077"}],"version-history":[{"count":1,"href":"https:\/\/tacuarembo.gub.uy\/index.php?rest_route=\/wp\/v2\/posts\/3077\/revisions"}],"predecessor-version":[{"id":3078,"href":"https:\/\/tacuarembo.gub.uy\/index.php?rest_route=\/wp\/v2\/posts\/3077\/revisions\/3078"}],"wp:featuredmedia":[{"embeddable":true,"href":"https:\/\/tacuarembo.gub.uy\/index.php?rest_route=\/wp\/v2\/media\/3050"}],"wp:attachment":[{"href":"https:\/\/tacuarembo.gub.uy\/index.php?rest_route=%2Fwp%2Fv2%2Fmedia&parent=3077"}],"wp:term":[{"taxonomy":"category","embeddable":true,"href":"https:\/\/tacuarembo.gub.uy\/index.php?rest_route=%2Fwp%2Fv2%2Fcategories&post=3077"},{"taxonomy":"post_tag","embeddable":true,"href":"https:\/\/tacuarembo.gub.uy\/index.php?rest_route=%2Fwp%2Fv2%2Ftags&post=3077"}],"curies":[{"name":"wp","href":"https:\/\/api.w.org\/{rel}","templated":true}]}}