{"id":3065,"date":"2019-05-23T21:37:39","date_gmt":"2019-05-23T21:37:39","guid":{"rendered":"https:\/\/tacuarembo.gub.uy\/?p=3065"},"modified":"2019-05-23T21:37:39","modified_gmt":"2019-05-23T21:37:39","slug":"se-descubrio-piedra-fundamental-del-ferrocarril-central","status":"publish","type":"post","link":"https:\/\/tacuarembo.gub.uy\/?p=3065","title":{"rendered":"Se descubri\u00f3 piedra fundamental del ferrocarril central"},"content":{"rendered":"\n<p>En acto protocolar realizado \u00e9sta ma\u00f1ana en el cruce de la v\u00eda sobre\nla principal avenida de nuestra ciudad, fue descubierta la piedra fundamental\ndel Ferrocarril Central, \u00edcono que marca el comienzo de los trabajos que\npermitir\u00e1n la recuperaci\u00f3n de los 273 kil\u00f3metros de v\u00edas f\u00e9rreas que unen a Paso\nde los Toros con Montevideo.<\/p>\n\n\n\n<p>All\u00ed estuvieron presentes el&nbsp; Ministro\nV\u00edctor Rossi; el Subsecretario del MTOP Jorge Setelich, el Subsecretario de OPP\nSantiago Soto, el intendente de Tacuaremb\u00f3 Dr. Eber da Rosa, el de Durazno\nProf. Carmelo Vidal\u00edn; autoridades nacionales y departamentales, representantes\nde la empresa internacional Grupo V\u00eda Central que llevar\u00e1 adelante la obra que\ndemandar\u00e1 una inversi\u00f3n de unos mil millones de d\u00f3lares, y alumnos de los\ncentros de ense\u00f1anza de la ciudad.<\/p>\n\n\n\n<p>El alcalde de Paso de los Toros fue responsable de abrir la oratoria\nen su car\u00e1cter de anfitri\u00f3n, con las palabras \u201cBienvenido Ferrocarril Central,\ngenuina obra p\u00fablica de esta envergadura de los \u00faltimos a\u00f1os. Bienvenidos todos\nlos emprendimientos capaces de generar esa mano de obra tan necesaria para\nmejorar, en todos los sentidos, la calidad de vida de todos los ciudadanos\u201d<\/p>\n\n\n\n\t\t<style type=\"text\/css\">\n\t\t\t#gallery-1 {\n\t\t\t\tmargin: auto;\n\t\t\t}\n\t\t\t#gallery-1 .gallery-item {\n\t\t\t\tfloat: left;\n\t\t\t\tmargin-top: 10px;\n\t\t\t\ttext-align: center;\n\t\t\t\twidth: 33%;\n\t\t\t}\n\t\t\t#gallery-1 img {\n\t\t\t\tborder: 2px solid #cfcfcf;\n\t\t\t}\n\t\t\t#gallery-1 .gallery-caption {\n\t\t\t\tmargin-left: 0;\n\t\t\t}\n\t\t\t\/* see gallery_shortcode() in wp-includes\/media.php *\/\n\t\t<\/style>\n\t\t<div id='gallery-1' class='gallery galleryid-3065 gallery-columns-3 gallery-size-thumbnail'><dl class='gallery-item'>\n\t\t\t<dt class='gallery-icon landscape'>\n\t\t\t\t<a href='https:\/\/tacuarembo.gub.uy\/wp-content\/uploads\/IMG_20190523_101218.jpg'><img loading=\"lazy\" decoding=\"async\" width=\"200\" height=\"140\" src=\"https:\/\/tacuarembo.gub.uy\/wp-content\/uploads\/IMG_20190523_101218-200x140.jpg\" class=\"attachment-thumbnail size-thumbnail\" alt=\"\" aria-describedby=\"gallery-1-3066\" \/><\/a>\n\t\t\t<\/dt>\n\t\t\t\t<dd class='wp-caption-text gallery-caption' id='gallery-1-3066'>\n\t\t\t\tsdr\n\t\t\t\t<\/dd><\/dl><dl class='gallery-item'>\n\t\t\t<dt class='gallery-icon landscape'>\n\t\t\t\t<a href='https:\/\/tacuarembo.gub.uy\/wp-content\/uploads\/IMG_20190523_102138.jpg'><img loading=\"lazy\" decoding=\"async\" width=\"200\" height=\"140\" src=\"https:\/\/tacuarembo.gub.uy\/wp-content\/uploads\/IMG_20190523_102138-200x140.jpg\" class=\"attachment-thumbnail size-thumbnail\" alt=\"\" aria-describedby=\"gallery-1-3067\" \/><\/a>\n\t\t\t<\/dt>\n\t\t\t\t<dd class='wp-caption-text gallery-caption' id='gallery-1-3067'>\n\t\t\t\tsdr\n\t\t\t\t<\/dd><\/dl><dl class='gallery-item'>\n\t\t\t<dt class='gallery-icon landscape'>\n\t\t\t\t<a href='https:\/\/tacuarembo.gub.uy\/wp-content\/uploads\/IMG_20190523_105004.jpg'><img loading=\"lazy\" decoding=\"async\" width=\"200\" height=\"140\" src=\"https:\/\/tacuarembo.gub.uy\/wp-content\/uploads\/IMG_20190523_105004-200x140.jpg\" class=\"attachment-thumbnail size-thumbnail\" alt=\"\" aria-describedby=\"gallery-1-3068\" \/><\/a>\n\t\t\t<\/dt>\n\t\t\t\t<dd class='wp-caption-text gallery-caption' id='gallery-1-3068'>\n\t\t\t\tdav\n\t\t\t\t<\/dd><\/dl><br style=\"clear: both\" \/>\n\t\t<\/div>\n","protected":false},"excerpt":{"rendered":"<p>En acto protocolar realizado \u00e9sta ma\u00f1ana en el cruce de la v\u00eda sobre la principal avenida de nuestra ciudad, fue descubierta la piedra fundamental del Ferrocarril Central, \u00edcono que marca el comienzo de los trabajos que permitir\u00e1n la recuperaci\u00f3n de los 273 kil\u00f3metros de v\u00edas f\u00e9rreas que unen a Paso de los Toros con Montevideo.<\/p>\n","protected":false},"author":3,"featured_media":3068,"comment_status":"open","ping_status":"open","sticky":false,"template":"","format":"standard","meta":{"_eb_attr":"","footnotes":""},"categories":[16],"tags":[],"class_list":{"0":"post-3065","1":"post","2":"type-post","3":"status-publish","4":"format-standard","5":"has-post-thumbnail","7":"category-noticias"},"_links":{"self":[{"href":"https:\/\/tacuarembo.gub.uy\/index.php?rest_route=\/wp\/v2\/posts\/3065","targetHints":{"allow":["GET"]}}],"collection":[{"href":"https:\/\/tacuarembo.gub.uy\/index.php?rest_route=\/wp\/v2\/posts"}],"about":[{"href":"https:\/\/tacuarembo.gub.uy\/index.php?rest_route=\/wp\/v2\/types\/post"}],"author":[{"embeddable":true,"href":"https:\/\/tacuarembo.gub.uy\/index.php?rest_route=\/wp\/v2\/users\/3"}],"replies":[{"embeddable":true,"href":"https:\/\/tacuarembo.gub.uy\/index.php?rest_route=%2Fwp%2Fv2%2Fcomments&post=3065"}],"version-history":[{"count":1,"href":"https:\/\/tacuarembo.gub.uy\/index.php?rest_route=\/wp\/v2\/posts\/3065\/revisions"}],"predecessor-version":[{"id":3069,"href":"https:\/\/tacuarembo.gub.uy\/index.php?rest_route=\/wp\/v2\/posts\/3065\/revisions\/3069"}],"wp:featuredmedia":[{"embeddable":true,"href":"https:\/\/tacuarembo.gub.uy\/index.php?rest_route=\/wp\/v2\/media\/3068"}],"wp:attachment":[{"href":"https:\/\/tacuarembo.gub.uy\/index.php?rest_route=%2Fwp%2Fv2%2Fmedia&parent=3065"}],"wp:term":[{"taxonomy":"category","embeddable":true,"href":"https:\/\/tacuarembo.gub.uy\/index.php?rest_route=%2Fwp%2Fv2%2Fcategories&post=3065"},{"taxonomy":"post_tag","embeddable":true,"href":"https:\/\/tacuarembo.gub.uy\/index.php?rest_route=%2Fwp%2Fv2%2Ftags&post=3065"}],"curies":[{"name":"wp","href":"https:\/\/api.w.org\/{rel}","templated":true}]}}