{"id":3045,"date":"2019-05-22T23:07:36","date_gmt":"2019-05-22T23:07:36","guid":{"rendered":"https:\/\/tacuarembo.gub.uy\/?p=3045"},"modified":"2019-05-22T23:10:09","modified_gmt":"2019-05-22T23:10:09","slug":"jovenes-del-polideportivo-se-integran-a-la-pre-seleccion-uruguaya-de-basquetbol","status":"publish","type":"post","link":"https:\/\/tacuarembo.gub.uy\/?p=3045","title":{"rendered":"J\u00f3venes del Polideportivo se integran a la pre -selecci\u00f3n Uruguaya de B\u00e1squetbol"},"content":{"rendered":"\n<p>Con gran alegr\u00eda el prof Alvaro Lesna y dem\u00e1s integrantes del equipo docente presentaron el trabajo que se realiza gracias a la estructura que brinda Tacuaremb\u00f3.<\/p>\n\n\n\n<iframe loading=\"lazy\" src=\"https:\/\/www.youtube.com\/embed\/3qpbnFVgrkc\" allow=\"accelerometer; autoplay; encrypted-media; gyroscope; picture-in-picture\" allowfullscreen=\"\" width=\"695\" height=\"391\" frameborder=\"0\"><\/iframe>\n","protected":false},"excerpt":{"rendered":"<p>on gran alegr\u00eda el prof Alvaro Lesna y dem\u00e1s integrantes del equipo docente presentaron el trabajo que se realiza gracias a la estructura que brinda Tacuaremb\u00f3.<\/p>\n","protected":false},"author":3,"featured_media":3047,"comment_status":"open","ping_status":"open","sticky":false,"template":"","format":"standard","meta":{"_eb_attr":"","footnotes":""},"categories":[16],"tags":[],"class_list":{"0":"post-3045","1":"post","2":"type-post","3":"status-publish","4":"format-standard","5":"has-post-thumbnail","7":"category-noticias"},"_links":{"self":[{"href":"https:\/\/tacuarembo.gub.uy\/index.php?rest_route=\/wp\/v2\/posts\/3045","targetHints":{"allow":["GET"]}}],"collection":[{"href":"https:\/\/tacuarembo.gub.uy\/index.php?rest_route=\/wp\/v2\/posts"}],"about":[{"href":"https:\/\/tacuarembo.gub.uy\/index.php?rest_route=\/wp\/v2\/types\/post"}],"author":[{"embeddable":true,"href":"https:\/\/tacuarembo.gub.uy\/index.php?rest_route=\/wp\/v2\/users\/3"}],"replies":[{"embeddable":true,"href":"https:\/\/tacuarembo.gub.uy\/index.php?rest_route=%2Fwp%2Fv2%2Fcomments&post=3045"}],"version-history":[{"count":2,"href":"https:\/\/tacuarembo.gub.uy\/index.php?rest_route=\/wp\/v2\/posts\/3045\/revisions"}],"predecessor-version":[{"id":3048,"href":"https:\/\/tacuarembo.gub.uy\/index.php?rest_route=\/wp\/v2\/posts\/3045\/revisions\/3048"}],"wp:featuredmedia":[{"embeddable":true,"href":"https:\/\/tacuarembo.gub.uy\/index.php?rest_route=\/wp\/v2\/media\/3047"}],"wp:attachment":[{"href":"https:\/\/tacuarembo.gub.uy\/index.php?rest_route=%2Fwp%2Fv2%2Fmedia&parent=3045"}],"wp:term":[{"taxonomy":"category","embeddable":true,"href":"https:\/\/tacuarembo.gub.uy\/index.php?rest_route=%2Fwp%2Fv2%2Fcategories&post=3045"},{"taxonomy":"post_tag","embeddable":true,"href":"https:\/\/tacuarembo.gub.uy\/index.php?rest_route=%2Fwp%2Fv2%2Ftags&post=3045"}],"curies":[{"name":"wp","href":"https:\/\/api.w.org\/{rel}","templated":true}]}}