{"id":3033,"date":"2019-05-22T10:31:35","date_gmt":"2019-05-22T10:31:35","guid":{"rendered":"https:\/\/tacuarembo.gub.uy\/?p=3033"},"modified":"2019-05-22T21:01:05","modified_gmt":"2019-05-22T21:01:05","slug":"piedra-fundamental-del-ferrocarril-central","status":"publish","type":"post","link":"https:\/\/tacuarembo.gub.uy\/?p=3033","title":{"rendered":"Piedra fundamental del Ferrocarril Central"},"content":{"rendered":"\n<p>El Intendente de Tacuaremb\u00f3, Dr. Eber da Rosa V\u00e1zquez asistir\u00e1 este pr\u00f3ximo jueves 23 de mayo a la hora 10 a Paso de los Toros para el acto donde se colocar\u00e1 la piedra fundamental del ferrocarril central en la estaci\u00f3n de AFE, con la confirmaci\u00f3n de la presencia el Ministro de Transporte y Obras P\u00fablicas V\u00edctor Rossi y autoridades de OPP.<\/p>\n\n\n\n<p>Ferrocarril Central , Piedra Fundamental.El Intendente Eber Da Rosa asistir\u00e1 ma\u00f1ana en Paso de los Toros al acto d\u00f3nde se colocar\u00e1 la Piedra Fundamental para la obra del Ferrocarril Central en el marco de la llegada de UPM 2. <\/p>\n\n\n\n<p>La Direcci\u00f3n de Tr\u00e1nsito del Municipio de Paso de los Toros &#8211; IDT, comunica a la poblaci\u00f3n, que ante la realizaci\u00f3n el d\u00eda 23 de Mayo del acto de colocaci\u00f3n de la piedra fundamental del Ferrocarril Central en Paso de los Toros, el tr\u00e1nsito de veh\u00edculos se ver\u00e1 interrumpido en 18 de Julio entre Berrutti y Mangini entre la hora 9.00 y la hora 12.00.<br>\nAsimismo se comunica a empresas de tax\u00edmetros y propietarios de veh\u00edculos, que habr\u00e1 Zona de Exclusi\u00f3n reservada al estacionamiento de autoridades en avenida Berrutti desde Bvar. Artigas hasta Manuel Oribe en la senda que da al Paseo del Ferrocarril, impidi\u00e9ndose en ese tamo, el tr\u00e1nsito y estacionamiento de veh\u00edculos particulares en el horario de 7.30 a 12.00 horas.<\/p>\n","protected":false},"excerpt":{"rendered":"<p>El Intendente de Tacuaremb\u00f3, Dr. Eber da Rosa V\u00e1zquez asistir\u00e1 este pr\u00f3ximo jueves 23 de mayo a la hora 10 a Paso de los Toros para el acto donde se colocar\u00e1 la piedra fundamental del ferrocarril central en la estaci\u00f3n de AFE, con la confirmaci\u00f3n de la presencia el Ministro de Transporte y Obras P\u00fablicas V\u00edctor Rossi y autoridades de OPP.<\/p>\n","protected":false},"author":3,"featured_media":3043,"comment_status":"open","ping_status":"open","sticky":false,"template":"","format":"standard","meta":{"_eb_attr":"","footnotes":""},"categories":[16],"tags":[],"class_list":{"0":"post-3033","1":"post","2":"type-post","3":"status-publish","4":"format-standard","5":"has-post-thumbnail","7":"category-noticias"},"_links":{"self":[{"href":"https:\/\/tacuarembo.gub.uy\/index.php?rest_route=\/wp\/v2\/posts\/3033","targetHints":{"allow":["GET"]}}],"collection":[{"href":"https:\/\/tacuarembo.gub.uy\/index.php?rest_route=\/wp\/v2\/posts"}],"about":[{"href":"https:\/\/tacuarembo.gub.uy\/index.php?rest_route=\/wp\/v2\/types\/post"}],"author":[{"embeddable":true,"href":"https:\/\/tacuarembo.gub.uy\/index.php?rest_route=\/wp\/v2\/users\/3"}],"replies":[{"embeddable":true,"href":"https:\/\/tacuarembo.gub.uy\/index.php?rest_route=%2Fwp%2Fv2%2Fcomments&post=3033"}],"version-history":[{"count":2,"href":"https:\/\/tacuarembo.gub.uy\/index.php?rest_route=\/wp\/v2\/posts\/3033\/revisions"}],"predecessor-version":[{"id":3044,"href":"https:\/\/tacuarembo.gub.uy\/index.php?rest_route=\/wp\/v2\/posts\/3033\/revisions\/3044"}],"wp:featuredmedia":[{"embeddable":true,"href":"https:\/\/tacuarembo.gub.uy\/index.php?rest_route=\/wp\/v2\/media\/3043"}],"wp:attachment":[{"href":"https:\/\/tacuarembo.gub.uy\/index.php?rest_route=%2Fwp%2Fv2%2Fmedia&parent=3033"}],"wp:term":[{"taxonomy":"category","embeddable":true,"href":"https:\/\/tacuarembo.gub.uy\/index.php?rest_route=%2Fwp%2Fv2%2Fcategories&post=3033"},{"taxonomy":"post_tag","embeddable":true,"href":"https:\/\/tacuarembo.gub.uy\/index.php?rest_route=%2Fwp%2Fv2%2Ftags&post=3033"}],"curies":[{"name":"wp","href":"https:\/\/api.w.org\/{rel}","templated":true}]}}