{"id":3016,"date":"2019-05-20T23:30:22","date_gmt":"2019-05-20T23:30:22","guid":{"rendered":"https:\/\/tacuarembo.gub.uy\/?p=3016"},"modified":"2019-05-21T11:32:57","modified_gmt":"2019-05-21T11:32:57","slug":"recordatorio-de-la-batalla-de-las-piedras","status":"publish","type":"post","link":"https:\/\/tacuarembo.gub.uy\/?p=3016","title":{"rendered":"Recordatorio de la Batalla de las Piedras"},"content":{"rendered":"\n<p>En Plaza 19 de abril y con la presencia del Intendente Eber Da Rosa, la Comisi\u00f3n Patri\u00f3tica desarroll\u00f3 el acto que tuvo un mensaje hist\u00f3rico a cargo del Sub. Director del Liceo Militar Gral. Artigas, Anexo Norte, el Tte. Coronel Alejandro Franco. Numeroso p\u00fablico acompa\u00f1\u00f3 y disfrut\u00f3 de la presencia art\u00edstica de la Orquesta Tacuaremb\u00f3 y del Grupo de Danzas Ilusiones de la Escuela Rural Nro. 53 de Sauce de Batovi, estos escolares representaron al departamento en el Encuentro Nacional de la Educaci\u00f3n Rural que se realiz\u00f3 en el departamento de Artigas. Se depositaron tres ofrendas florales al pie del Monumento al Pr\u00f3cer, la primera a cargo de la Asociaci\u00f3n de Retirados de las Fuerzas Armadas y las restantes a cargo del Ejercito Nacional y la Comisi\u00f3n Patri\u00f3tica seguido del toque del trompa del Regimiento 5to. Este momento estuvo a cargo del Intendente Eber Da Rosa, del Jefe del Estado Mayor de la Divisi\u00f3n Ejercito III, Coronel Luis Rodr\u00edguez, del Coordinador de la Jefatura de Polic\u00eda, Comisario Mayor Jos\u00e9 Da Silva y del Presidente de la Junta Departamental Jos\u00e9 Felipe Bruno. Es de destacar que en esta oportunidad el izamiento de los Pabellones Patrios, estuvo a cargo de los alumnos del Liceo Militar.<\/p>\n\n\n\n<iframe loading=\"lazy\" width=\"729\" height=\"410\" src=\"https:\/\/www.youtube.com\/embed\/fD7hTladIRs\" frameborder=\"0\" allow=\"accelerometer; autoplay; encrypted-media; gyroscope; picture-in-picture\" allowfullscreen><\/iframe>\n","protected":false},"excerpt":{"rendered":"<p>En Plaza 19 de abril y con la presencia del Intendente Eber Da Rosa, la Comisi\u00f3n Patri\u00f3tica desarroll\u00f3 el acto que tuvo un mensaje hist\u00f3rico a cargo del Sub. Director del Liceo Militar Gral. Artigas, Anexo Norte, el Tte. Coronel Alejandro Franco. <\/p>\n","protected":false},"author":3,"featured_media":3017,"comment_status":"open","ping_status":"open","sticky":false,"template":"","format":"standard","meta":{"_eb_attr":"","footnotes":""},"categories":[16],"tags":[],"class_list":{"0":"post-3016","1":"post","2":"type-post","3":"status-publish","4":"format-standard","5":"has-post-thumbnail","7":"category-noticias"},"_links":{"self":[{"href":"https:\/\/tacuarembo.gub.uy\/index.php?rest_route=\/wp\/v2\/posts\/3016","targetHints":{"allow":["GET"]}}],"collection":[{"href":"https:\/\/tacuarembo.gub.uy\/index.php?rest_route=\/wp\/v2\/posts"}],"about":[{"href":"https:\/\/tacuarembo.gub.uy\/index.php?rest_route=\/wp\/v2\/types\/post"}],"author":[{"embeddable":true,"href":"https:\/\/tacuarembo.gub.uy\/index.php?rest_route=\/wp\/v2\/users\/3"}],"replies":[{"embeddable":true,"href":"https:\/\/tacuarembo.gub.uy\/index.php?rest_route=%2Fwp%2Fv2%2Fcomments&post=3016"}],"version-history":[{"count":1,"href":"https:\/\/tacuarembo.gub.uy\/index.php?rest_route=\/wp\/v2\/posts\/3016\/revisions"}],"predecessor-version":[{"id":3018,"href":"https:\/\/tacuarembo.gub.uy\/index.php?rest_route=\/wp\/v2\/posts\/3016\/revisions\/3018"}],"wp:featuredmedia":[{"embeddable":true,"href":"https:\/\/tacuarembo.gub.uy\/index.php?rest_route=\/wp\/v2\/media\/3017"}],"wp:attachment":[{"href":"https:\/\/tacuarembo.gub.uy\/index.php?rest_route=%2Fwp%2Fv2%2Fmedia&parent=3016"}],"wp:term":[{"taxonomy":"category","embeddable":true,"href":"https:\/\/tacuarembo.gub.uy\/index.php?rest_route=%2Fwp%2Fv2%2Fcategories&post=3016"},{"taxonomy":"post_tag","embeddable":true,"href":"https:\/\/tacuarembo.gub.uy\/index.php?rest_route=%2Fwp%2Fv2%2Ftags&post=3016"}],"curies":[{"name":"wp","href":"https:\/\/api.w.org\/{rel}","templated":true}]}}