{"id":3012,"date":"2019-05-20T21:59:09","date_gmt":"2019-05-20T21:59:09","guid":{"rendered":"https:\/\/tacuarembo.gub.uy\/?p=3012"},"modified":"2019-05-20T21:59:09","modified_gmt":"2019-05-20T21:59:09","slug":"semana-del-libro","status":"publish","type":"post","link":"https:\/\/tacuarembo.gub.uy\/?p=3012","title":{"rendered":"Semana del Libro"},"content":{"rendered":"\n<p>En el marco del D\u00eda Nacional del Libro este domingo 26 comienza en San Gregorio de Polanco una semana cargada de actividades que tendr\u00e1 ese d\u00eda un Caf\u00e9 Literario y para el lunes 27 en la Sala Brocco aqu\u00ed en nuestra ciudad se destaca la cl\u00e1sica Marat\u00f3n de Lectura con el homenaje al escritor Dr. Washington Beltr\u00e1n a partir de las 10 y 30. Tambi\u00e9n dentro del programa se anuncia para el jueves 30 de mayo la apertura de la Casa de la Cultura en Las Toscas con la charla del escritor Gerardo Molina sobre el libro de hoy.<\/p>\n\n\n\n<iframe loading=\"lazy\" width=\"695\" height=\"391\" src=\"https:\/\/www.youtube.com\/embed\/C7As4zHSbnE\" frameborder=\"0\" allow=\"accelerometer; autoplay; encrypted-media; gyroscope; picture-in-picture\" allowfullscreen><\/iframe>\n","protected":false},"excerpt":{"rendered":"<p>n el marco del D\u00eda Nacional del Libro este domingo 26 comienza en San Gregorio de Polanco una semana cargada de actividades que tendr\u00e1 ese d\u00eda un Caf\u00e9 Literario y para el lunes 27 en la Sala Brocco aqu\u00ed en nuestra ciudad se destaca la cl\u00e1sica Marat\u00f3n de Lectura con el homenaje al escritor Dr. Washington Beltr\u00e1n a partir de las 10 y 30. <\/p>\n","protected":false},"author":3,"featured_media":3013,"comment_status":"open","ping_status":"open","sticky":false,"template":"","format":"standard","meta":{"_eb_attr":"","footnotes":""},"categories":[16],"tags":[],"class_list":{"0":"post-3012","1":"post","2":"type-post","3":"status-publish","4":"format-standard","5":"has-post-thumbnail","7":"category-noticias"},"_links":{"self":[{"href":"https:\/\/tacuarembo.gub.uy\/index.php?rest_route=\/wp\/v2\/posts\/3012","targetHints":{"allow":["GET"]}}],"collection":[{"href":"https:\/\/tacuarembo.gub.uy\/index.php?rest_route=\/wp\/v2\/posts"}],"about":[{"href":"https:\/\/tacuarembo.gub.uy\/index.php?rest_route=\/wp\/v2\/types\/post"}],"author":[{"embeddable":true,"href":"https:\/\/tacuarembo.gub.uy\/index.php?rest_route=\/wp\/v2\/users\/3"}],"replies":[{"embeddable":true,"href":"https:\/\/tacuarembo.gub.uy\/index.php?rest_route=%2Fwp%2Fv2%2Fcomments&post=3012"}],"version-history":[{"count":1,"href":"https:\/\/tacuarembo.gub.uy\/index.php?rest_route=\/wp\/v2\/posts\/3012\/revisions"}],"predecessor-version":[{"id":3014,"href":"https:\/\/tacuarembo.gub.uy\/index.php?rest_route=\/wp\/v2\/posts\/3012\/revisions\/3014"}],"wp:featuredmedia":[{"embeddable":true,"href":"https:\/\/tacuarembo.gub.uy\/index.php?rest_route=\/wp\/v2\/media\/3013"}],"wp:attachment":[{"href":"https:\/\/tacuarembo.gub.uy\/index.php?rest_route=%2Fwp%2Fv2%2Fmedia&parent=3012"}],"wp:term":[{"taxonomy":"category","embeddable":true,"href":"https:\/\/tacuarembo.gub.uy\/index.php?rest_route=%2Fwp%2Fv2%2Fcategories&post=3012"},{"taxonomy":"post_tag","embeddable":true,"href":"https:\/\/tacuarembo.gub.uy\/index.php?rest_route=%2Fwp%2Fv2%2Ftags&post=3012"}],"curies":[{"name":"wp","href":"https:\/\/api.w.org\/{rel}","templated":true}]}}